

{"id":16519,"date":"2022-02-10T16:51:00","date_gmt":"2022-02-10T14:51:00","guid":{"rendered":"https:\/\/www.costabravafoods.com\/donant-suport-a-la-inclusio-i-la-multiculturalitat-amb-el-casal-dels-infants\/"},"modified":"2022-02-10T16:51:00","modified_gmt":"2022-02-10T14:51:00","slug":"donant-suport-a-la-inclusio-i-la-multiculturalitat-amb-el-casal-dels-infants","status":"publish","type":"post","link":"https:\/\/www.costabravafoods.com\/ca\/donant-suport-a-la-inclusio-i-la-multiculturalitat-amb-el-casal-dels-infants\/","title":{"rendered":"Donant suport a la inclusi\u00f3 i la multiculturalitat amb el \u201cCasal dels Infants\u201d"},"content":{"rendered":"<p><strong>Patrocinem a l&#8217;entitat i la seva gran labor en acompanyar a m\u00e9s de 6.000 nens, joves i fam\u00edlies de Salt (Girona)<\/strong><\/p>\n<p>El \u201cCasal dels Infants\u201d \u00e9s una entitat inclusiva, emp\u00e0tica, perseverant, col\u00b7laboradora i responsable que ve treballant per a millorar les coses des de 1983. \u00c9s una organitzaci\u00f3 local que es centra en acompanyar a joves i fam\u00edlies vulnerables de Salt (Girona), m\u00e9s de 6.000 nens reben el seu suport en la localitat d\u2019on prov\u00e9 Costa Brava Mediterranean Foods.<\/p>\n<p>El Casal treballa per a construir entre tots\/es una societat:<\/p>\n<ul>\n<li>M\u00e9s justa i equilibrada, basada en la igualtat<\/li>\n<li>Oberta y acollidora, que no jutgi a les persones de formes diferents per cap motiu<\/li>\n<li>Amb persones amb mirada cr\u00edtica, que identifiquen les injust\u00edcies i busquen transformar-le<\/li>\n<li>Responsable, en la que tots els ciutadans, empreses, institucions\u2026 treballen conjuntament<\/li>\n<li>Que no accepti que la pobresa sigui heredit\u00e0ria<\/li>\n<\/ul>\n<p>Per tot aix\u00f2, l\u2019objectiu principal del \u201cCasal dels Infants\u201d \u00e9s que els joves en risc d\u2019exclusi\u00f3 tinguin totes les facilitats possibles per a adaptar-se, aprofitar les oportunitats que se\u2019ls puguin brindar i encarar-se cap a un futur millor. Els hi donen formaci\u00f3 als joves per tal que puguin trobar una feina i superar la marginaci\u00f3, refor\u00e7ant les seves compet\u00e8ncies laborals, socials i ling\u00fc\u00edstiques i potenciant la seva autoestima.<\/p>\n<h2>Orgullosos de contribuir amb el Casal en un enorme repte socioeducatiu<\/h2>\n","protected":false},"excerpt":{"rendered":"<p>Patrocinem a l&#8217;entitat i la seva gran labor en acompanyar a m\u00e9s de 6.000 nens, joves i fam\u00edlies de Salt (Girona) El \u201cCasal dels Infants\u201d \u00e9s una entitat inclusiva, emp\u00e0tica, perseverant, col\u00b7laboradora i responsable que ve treballant per a millorar les coses des de 1983. \u00c9s una organitzaci\u00f3 local que es centra en acompanyar a joves i fam\u00edlies vulnerables [&#8230;]<\/p>\n","protected":false},"author":1,"featured_media":12091,"comment_status":"closed","ping_status":"open","sticky":false,"template":"","format":"standard","meta":{"footnotes":""},"categories":[152,161],"tags":[],"class_list":["post-16519","post","type-post","status-publish","format-standard","has-post-thumbnail","hentry","category-noticies","category-sostenibilitat"],"yoast_head":"<!-- This site is optimized with the Yoast SEO plugin v27.2 - https:\/\/yoast.com\/product\/yoast-seo-wordpress\/ -->\n<title>Donant suport a la inclusi\u00f3 i la multiculturalitat amb el \u201cCasal dels Infants\u201d - Costa Brava Foods<\/title>\n<meta name=\"robots\" content=\"index, follow, max-snippet:-1, max-image-preview:large, max-video-preview:-1\" \/>\n<link rel=\"canonical\" href=\"https:\/\/www.costabravafoods.com\/apoyando-la-inclusion-y-la-multiculturalidad-con-el-casal-dels-infants\/\" \/>\n<meta property=\"og:locale\" content=\"ca_ES\" \/>\n<meta property=\"og:type\" content=\"article\" \/>\n<meta property=\"og:title\" content=\"Donant suport a la inclusi\u00f3 i la multiculturalitat amb el \u201cCasal dels Infants\u201d - Costa Brava Foods\" \/>\n<meta property=\"og:description\" content=\"Patrocinem a l&#8217;entitat i la seva gran labor en acompanyar a m\u00e9s de 6.000 nens, joves i fam\u00edlies de Salt (Girona) El \u201cCasal dels Infants\u201d \u00e9s una entitat inclusiva, emp\u00e0tica, perseverant, col\u00b7laboradora i responsable que ve treballant per a millorar les coses des de 1983. \u00c9s una organitzaci\u00f3 local que es centra en acompanyar a joves i fam\u00edlies vulnerables [...]\" \/>\n<meta property=\"og:url\" content=\"https:\/\/www.costabravafoods.com\/apoyando-la-inclusion-y-la-multiculturalidad-con-el-casal-dels-infants\/\" \/>\n<meta property=\"og:site_name\" content=\"Costa Brava Foods\" \/>\n<meta property=\"article:published_time\" content=\"2022-02-10T14:51:00+00:00\" \/>\n<meta property=\"og:image\" content=\"https:\/\/www.costabravafoods.com\/wp-content\/uploads\/2025\/07\/Imagen-destacada-CBMF-2-10.png\" \/>\n\t<meta property=\"og:image:width\" content=\"823\" \/>\n\t<meta property=\"og:image:height\" content=\"455\" \/>\n\t<meta property=\"og:image:type\" content=\"image\/png\" \/>\n<meta name=\"author\" content=\"publicobjectiu\" \/>\n<meta name=\"twitter:card\" content=\"summary_large_image\" \/>\n<meta name=\"twitter:label1\" content=\"Escrit per\" \/>\n\t<meta name=\"twitter:data1\" content=\"publicobjectiu\" \/>\n\t<meta name=\"twitter:label2\" content=\"Temps estimat de lectura\" \/>\n\t<meta name=\"twitter:data2\" content=\"1 minut\" \/>\n<script type=\"application\/ld+json\" class=\"yoast-schema-graph\">{\"@context\":\"https:\/\/schema.org\",\"@graph\":[{\"@type\":\"Article\",\"@id\":\"https:\/\/www.costabravafoods.com\/apoyando-la-inclusion-y-la-multiculturalidad-con-el-casal-dels-infants\/#article\",\"isPartOf\":{\"@id\":\"https:\/\/www.costabravafoods.com\/apoyando-la-inclusion-y-la-multiculturalidad-con-el-casal-dels-infants\/\"},\"author\":{\"name\":\"publicobjectiu\",\"@id\":\"https:\/\/www.costabravafoods.com\/#\/schema\/person\/deaf1f440588c7898bd62bc47b1612b9\"},\"headline\":\"Donant suport a la inclusi\u00f3 i la multiculturalitat amb el \u201cCasal dels Infants\u201d\",\"datePublished\":\"2022-02-10T14:51:00+00:00\",\"mainEntityOfPage\":{\"@id\":\"https:\/\/www.costabravafoods.com\/apoyando-la-inclusion-y-la-multiculturalidad-con-el-casal-dels-infants\/\"},\"wordCount\":251,\"image\":{\"@id\":\"https:\/\/www.costabravafoods.com\/apoyando-la-inclusion-y-la-multiculturalidad-con-el-casal-dels-infants\/#primaryimage\"},\"thumbnailUrl\":\"https:\/\/www.costabravafoods.com\/wp-content\/uploads\/2025\/07\/Imagen-destacada-CBMF-2-10.png\",\"articleSection\":[\"NOT\u00cdCIES\",\"Sostenibilitat\"],\"inLanguage\":\"ca\"},{\"@type\":\"WebPage\",\"@id\":\"https:\/\/www.costabravafoods.com\/apoyando-la-inclusion-y-la-multiculturalidad-con-el-casal-dels-infants\/\",\"url\":\"https:\/\/www.costabravafoods.com\/apoyando-la-inclusion-y-la-multiculturalidad-con-el-casal-dels-infants\/\",\"name\":\"Donant suport a la inclusi\u00f3 i la multiculturalitat amb el \u201cCasal dels Infants\u201d - Costa Brava Foods\",\"isPartOf\":{\"@id\":\"https:\/\/www.costabravafoods.com\/#website\"},\"primaryImageOfPage\":{\"@id\":\"https:\/\/www.costabravafoods.com\/apoyando-la-inclusion-y-la-multiculturalidad-con-el-casal-dels-infants\/#primaryimage\"},\"image\":{\"@id\":\"https:\/\/www.costabravafoods.com\/apoyando-la-inclusion-y-la-multiculturalidad-con-el-casal-dels-infants\/#primaryimage\"},\"thumbnailUrl\":\"https:\/\/www.costabravafoods.com\/wp-content\/uploads\/2025\/07\/Imagen-destacada-CBMF-2-10.png\",\"datePublished\":\"2022-02-10T14:51:00+00:00\",\"author\":{\"@id\":\"https:\/\/www.costabravafoods.com\/#\/schema\/person\/deaf1f440588c7898bd62bc47b1612b9\"},\"breadcrumb\":{\"@id\":\"https:\/\/www.costabravafoods.com\/apoyando-la-inclusion-y-la-multiculturalidad-con-el-casal-dels-infants\/#breadcrumb\"},\"inLanguage\":\"ca\",\"potentialAction\":[{\"@type\":\"ReadAction\",\"target\":[\"https:\/\/www.costabravafoods.com\/apoyando-la-inclusion-y-la-multiculturalidad-con-el-casal-dels-infants\/\"]}]},{\"@type\":\"ImageObject\",\"inLanguage\":\"ca\",\"@id\":\"https:\/\/www.costabravafoods.com\/apoyando-la-inclusion-y-la-multiculturalidad-con-el-casal-dels-infants\/#primaryimage\",\"url\":\"https:\/\/www.costabravafoods.com\/wp-content\/uploads\/2025\/07\/Imagen-destacada-CBMF-2-10.png\",\"contentUrl\":\"https:\/\/www.costabravafoods.com\/wp-content\/uploads\/2025\/07\/Imagen-destacada-CBMF-2-10.png\",\"width\":823,\"height\":455},{\"@type\":\"BreadcrumbList\",\"@id\":\"https:\/\/www.costabravafoods.com\/apoyando-la-inclusion-y-la-multiculturalidad-con-el-casal-dels-infants\/#breadcrumb\",\"itemListElement\":[{\"@type\":\"ListItem\",\"position\":1,\"name\":\"Portada\",\"item\":\"https:\/\/www.costabravafoods.com\/ca\/\"},{\"@type\":\"ListItem\",\"position\":2,\"name\":\"Donant suport a la inclusi\u00f3 i la multiculturalitat amb el \u201cCasal dels Infants\u201d\"}]},{\"@type\":\"WebSite\",\"@id\":\"https:\/\/www.costabravafoods.com\/#website\",\"url\":\"https:\/\/www.costabravafoods.com\/\",\"name\":\"Costa Brava Foods\",\"description\":\"\",\"potentialAction\":[{\"@type\":\"SearchAction\",\"target\":{\"@type\":\"EntryPoint\",\"urlTemplate\":\"https:\/\/www.costabravafoods.com\/?s={search_term_string}\"},\"query-input\":{\"@type\":\"PropertyValueSpecification\",\"valueRequired\":true,\"valueName\":\"search_term_string\"}}],\"inLanguage\":\"ca\"},{\"@type\":\"Person\",\"@id\":\"https:\/\/www.costabravafoods.com\/#\/schema\/person\/deaf1f440588c7898bd62bc47b1612b9\",\"name\":\"publicobjectiu\",\"sameAs\":[\"https:\/\/www.costabravafoods.com\"]}]}<\/script>\n<!-- \/ Yoast SEO plugin. -->","yoast_head_json":{"title":"Donant suport a la inclusi\u00f3 i la multiculturalitat amb el \u201cCasal dels Infants\u201d - Costa Brava Foods","robots":{"index":"index","follow":"follow","max-snippet":"max-snippet:-1","max-image-preview":"max-image-preview:large","max-video-preview":"max-video-preview:-1"},"canonical":"https:\/\/www.costabravafoods.com\/apoyando-la-inclusion-y-la-multiculturalidad-con-el-casal-dels-infants\/","og_locale":"ca_ES","og_type":"article","og_title":"Donant suport a la inclusi\u00f3 i la multiculturalitat amb el \u201cCasal dels Infants\u201d - Costa Brava Foods","og_description":"Patrocinem a l&#8217;entitat i la seva gran labor en acompanyar a m\u00e9s de 6.000 nens, joves i fam\u00edlies de Salt (Girona) El \u201cCasal dels Infants\u201d \u00e9s una entitat inclusiva, emp\u00e0tica, perseverant, col\u00b7laboradora i responsable que ve treballant per a millorar les coses des de 1983. \u00c9s una organitzaci\u00f3 local que es centra en acompanyar a joves i fam\u00edlies vulnerables [...]","og_url":"https:\/\/www.costabravafoods.com\/apoyando-la-inclusion-y-la-multiculturalidad-con-el-casal-dels-infants\/","og_site_name":"Costa Brava Foods","article_published_time":"2022-02-10T14:51:00+00:00","og_image":[{"width":823,"height":455,"url":"https:\/\/www.costabravafoods.com\/wp-content\/uploads\/2025\/07\/Imagen-destacada-CBMF-2-10.png","type":"image\/png"}],"author":"publicobjectiu","twitter_card":"summary_large_image","twitter_misc":{"Escrit per":"publicobjectiu","Temps estimat de lectura":"1 minut"},"schema":{"@context":"https:\/\/schema.org","@graph":[{"@type":"Article","@id":"https:\/\/www.costabravafoods.com\/apoyando-la-inclusion-y-la-multiculturalidad-con-el-casal-dels-infants\/#article","isPartOf":{"@id":"https:\/\/www.costabravafoods.com\/apoyando-la-inclusion-y-la-multiculturalidad-con-el-casal-dels-infants\/"},"author":{"name":"publicobjectiu","@id":"https:\/\/www.costabravafoods.com\/#\/schema\/person\/deaf1f440588c7898bd62bc47b1612b9"},"headline":"Donant suport a la inclusi\u00f3 i la multiculturalitat amb el \u201cCasal dels Infants\u201d","datePublished":"2022-02-10T14:51:00+00:00","mainEntityOfPage":{"@id":"https:\/\/www.costabravafoods.com\/apoyando-la-inclusion-y-la-multiculturalidad-con-el-casal-dels-infants\/"},"wordCount":251,"image":{"@id":"https:\/\/www.costabravafoods.com\/apoyando-la-inclusion-y-la-multiculturalidad-con-el-casal-dels-infants\/#primaryimage"},"thumbnailUrl":"https:\/\/www.costabravafoods.com\/wp-content\/uploads\/2025\/07\/Imagen-destacada-CBMF-2-10.png","articleSection":["NOT\u00cdCIES","Sostenibilitat"],"inLanguage":"ca"},{"@type":"WebPage","@id":"https:\/\/www.costabravafoods.com\/apoyando-la-inclusion-y-la-multiculturalidad-con-el-casal-dels-infants\/","url":"https:\/\/www.costabravafoods.com\/apoyando-la-inclusion-y-la-multiculturalidad-con-el-casal-dels-infants\/","name":"Donant suport a la inclusi\u00f3 i la multiculturalitat amb el \u201cCasal dels Infants\u201d - Costa Brava Foods","isPartOf":{"@id":"https:\/\/www.costabravafoods.com\/#website"},"primaryImageOfPage":{"@id":"https:\/\/www.costabravafoods.com\/apoyando-la-inclusion-y-la-multiculturalidad-con-el-casal-dels-infants\/#primaryimage"},"image":{"@id":"https:\/\/www.costabravafoods.com\/apoyando-la-inclusion-y-la-multiculturalidad-con-el-casal-dels-infants\/#primaryimage"},"thumbnailUrl":"https:\/\/www.costabravafoods.com\/wp-content\/uploads\/2025\/07\/Imagen-destacada-CBMF-2-10.png","datePublished":"2022-02-10T14:51:00+00:00","author":{"@id":"https:\/\/www.costabravafoods.com\/#\/schema\/person\/deaf1f440588c7898bd62bc47b1612b9"},"breadcrumb":{"@id":"https:\/\/www.costabravafoods.com\/apoyando-la-inclusion-y-la-multiculturalidad-con-el-casal-dels-infants\/#breadcrumb"},"inLanguage":"ca","potentialAction":[{"@type":"ReadAction","target":["https:\/\/www.costabravafoods.com\/apoyando-la-inclusion-y-la-multiculturalidad-con-el-casal-dels-infants\/"]}]},{"@type":"ImageObject","inLanguage":"ca","@id":"https:\/\/www.costabravafoods.com\/apoyando-la-inclusion-y-la-multiculturalidad-con-el-casal-dels-infants\/#primaryimage","url":"https:\/\/www.costabravafoods.com\/wp-content\/uploads\/2025\/07\/Imagen-destacada-CBMF-2-10.png","contentUrl":"https:\/\/www.costabravafoods.com\/wp-content\/uploads\/2025\/07\/Imagen-destacada-CBMF-2-10.png","width":823,"height":455},{"@type":"BreadcrumbList","@id":"https:\/\/www.costabravafoods.com\/apoyando-la-inclusion-y-la-multiculturalidad-con-el-casal-dels-infants\/#breadcrumb","itemListElement":[{"@type":"ListItem","position":1,"name":"Portada","item":"https:\/\/www.costabravafoods.com\/ca\/"},{"@type":"ListItem","position":2,"name":"Donant suport a la inclusi\u00f3 i la multiculturalitat amb el \u201cCasal dels Infants\u201d"}]},{"@type":"WebSite","@id":"https:\/\/www.costabravafoods.com\/#website","url":"https:\/\/www.costabravafoods.com\/","name":"Costa Brava Foods","description":"","potentialAction":[{"@type":"SearchAction","target":{"@type":"EntryPoint","urlTemplate":"https:\/\/www.costabravafoods.com\/?s={search_term_string}"},"query-input":{"@type":"PropertyValueSpecification","valueRequired":true,"valueName":"search_term_string"}}],"inLanguage":"ca"},{"@type":"Person","@id":"https:\/\/www.costabravafoods.com\/#\/schema\/person\/deaf1f440588c7898bd62bc47b1612b9","name":"publicobjectiu","sameAs":["https:\/\/www.costabravafoods.com"]}]}},"_links":{"self":[{"href":"https:\/\/www.costabravafoods.com\/ca\/wp-json\/wp\/v2\/posts\/16519","targetHints":{"allow":["GET"]}}],"collection":[{"href":"https:\/\/www.costabravafoods.com\/ca\/wp-json\/wp\/v2\/posts"}],"about":[{"href":"https:\/\/www.costabravafoods.com\/ca\/wp-json\/wp\/v2\/types\/post"}],"author":[{"embeddable":true,"href":"https:\/\/www.costabravafoods.com\/ca\/wp-json\/wp\/v2\/users\/1"}],"replies":[{"embeddable":true,"href":"https:\/\/www.costabravafoods.com\/ca\/wp-json\/wp\/v2\/comments?post=16519"}],"version-history":[{"count":0,"href":"https:\/\/www.costabravafoods.com\/ca\/wp-json\/wp\/v2\/posts\/16519\/revisions"}],"wp:featuredmedia":[{"embeddable":true,"href":"https:\/\/www.costabravafoods.com\/ca\/wp-json\/wp\/v2\/media\/12091"}],"wp:attachment":[{"href":"https:\/\/www.costabravafoods.com\/ca\/wp-json\/wp\/v2\/media?parent=16519"}],"wp:term":[{"taxonomy":"category","embeddable":true,"href":"https:\/\/www.costabravafoods.com\/ca\/wp-json\/wp\/v2\/categories?post=16519"},{"taxonomy":"post_tag","embeddable":true,"href":"https:\/\/www.costabravafoods.com\/ca\/wp-json\/wp\/v2\/tags?post=16519"}],"curies":[{"name":"wp","href":"https:\/\/api.w.org\/{rel}","templated":true}]}}