

{"id":16557,"date":"2021-05-12T11:50:00","date_gmt":"2021-05-12T09:50:00","guid":{"rendered":"https:\/\/www.costabravafoods.com\/el-70-dels-joves-dentre-12-i-18-anys-consumeixen-carn-dentre-3-i-7-cops-per-setmana\/"},"modified":"2021-05-12T11:50:00","modified_gmt":"2021-05-12T09:50:00","slug":"el-70-dels-joves-dentre-12-i-18-anys-consumeixen-carn-dentre-3-i-7-cops-per-setmana","status":"publish","type":"post","link":"https:\/\/www.costabravafoods.com\/ca\/el-70-dels-joves-dentre-12-i-18-anys-consumeixen-carn-dentre-3-i-7-cops-per-setmana\/","title":{"rendered":"El 70% dels joves d\u2019entre 12 i 18 anys consumeixen carn d\u2019entre 3 i 7 cops per setmana"},"content":{"rendered":"<p><strong>Les prote\u00efnes c\u00e0rnies s\u00f3n essencials per a una dieta saludable, equilibrada i nutritiva segons l&#8217;estudi realitzat per la Fundaci\u00f3 per a la Creativaci\u00f3 i Costa Brava Mediterranean Foods<\/strong><\/p>\n<p>Mitjan\u00e7ant diferents reptes i tallers, aquest estudi es va realitzar amb la intenci\u00f3 de con\u00e8ixer la rellev\u00e0ncia que li donen els joves a les prote\u00efnes c\u00e0rnies en termes de nutrici\u00f3 i per a con\u00e8ixer si les utilitzaries per aconseguir una dieta equilibrada, nutritiva i saludable.<\/p>\n<p>Quan als joves se\u2019ls hi va demanar que fessin el seu propi carro de la compra, en el que haurien de seleccionar 10 productes d\u2019entre m\u00e9s de 100, van escollir una mitjana de 3 productes de carn. Els productes carnis amb m\u00e9s puntuaci\u00f3 van ser el llom de porc i la paleta de pernil amb 10 vots, les hamburgueses amb 8 vots i el fuet amb 6 vots. <\/p>\n<p>En con\u00e8ixer els resultats de la decisi\u00f3 dels equips, la nutricionista de Costa Brava Mediterranean Foods, experta en alimentaci\u00f3, Charo Errando, va concloure que els joves perceben les prote\u00efnes c\u00e0rnies com a un element b\u00e0sic i que prefereixes els aliments frescos als preparats, \u00e9s a dir, escullen el format m\u00e9s natural dels embotits com la paleta de pernil per davant de l\u2019env\u00e0s de pernil tallat.<\/p>\n<p>En el concurs es van dividir els \u00e0pats en quatre moments del dia diferents. En l\u2019esmorzar, normalment dividit pels equips segons el que mengen a l\u2019escola o el que mengen a casa, es repeteixen sobretot els lactis, les begudes vegetals, les fruites i els cereals. Els productes carnis que m\u00e9s apareixen s\u00f3n embotits com el gall dindi i el pernil curat.  <\/p>\n<p>El dinar \u00e9s el moment escollit per la gran majoria dels equips (26 de 28) per introduir la carn en el seu men\u00fa diari. Els productes m\u00e9s escollits s\u00f3n el llom de porc, el pollastre i el filet, combinats amb pasta, arr\u00f2s o verdures. <\/p>\n<p>Els aliments del berenar s\u00f3n similars als de l\u2019esmorzar, tot i que hi ha un augment en els productes que contenen sucre com les galetes. Alguns equips escullen embotits per a entrepans, per\u00f2 en menys mesura que en l\u2019esmorzar. <\/p>\n<p>En el sopar, l\u2019opci\u00f3 m\u00e9s escollida pels alumnes per acabar el seu men\u00fa \u00e9s el peix, solament un equip escull el pollastre. Una dada que vol recalcar com curiosa la nutricionista \u00e9s que les opcions m\u00e9s escollides tant en el dinar com en el sopar \u00e9s la seva proced\u00e8ncia animal. <\/p>\n<p>Referent a les puntuacions dels diferents equips, els productes carnis tenen la millor puntuaci\u00f3 en sabor amb un punt m\u00e9s, sobre cinc, que el peix i els llegums. Tamb\u00e9 tenen millor puntuaci\u00f3 en termes d\u2019aspecte visual, amb m\u00ednim un punt m\u00e9s que els altres productes. Quant a la facilitat de preparaci\u00f3 empaten amb tres punts amb els llegums i obtenen un punt m\u00e9s que el peix. L\u2019aspecte a refor\u00e7ar pels productes carnis \u00e9s el de la sostenibilitat.   <\/p>\n<p>Per a la realitzaci\u00f3 d\u2019aquest repte es van realitzar 2.023 enquestes entre persones de 12 i 18 anys. Com conclusions d\u2019aquestes enquestes es pot afirmar que els joves perceben que la seva alimentaci\u00f3 \u00e9s positiva i adequada, tot i que un 30% d\u2019ells no relacionen directament els h\u00e0bits d\u2019alimentaci\u00f3 i la salut. M\u00e9s del 75% mengen 4 o m\u00e9s vegades al dia. En la valoraci\u00f3 dels aliments consideren que els millors grups s\u00f3n els cereals, els dol\u00e7os i la carn, tot i que aposten per a una alimentaci\u00f3 variada. Reconeixen que els productes carnis s\u00f3n la font principal de prote\u00efnes, a la meitat els hi agraden molt aquests productes i solament un 20% opina que no els hi agrada molt, o res, la carn. El 70% dels joves afirma que mengen prote\u00efnes c\u00e0rnies cada dia, o almenys 3 vegades per setmana i solament un 2,45% no mengen carn.     <\/p>\n<p>Una part important del repte estava relacionada amb la comunicaci\u00f3 i el marketing. A l\u2019analitzar campanyes de comunicaci\u00f3 amb els concursants i preguntar sobre el tema, van comentar que les seves campanyes preferides s\u00f3n les originals que els fan divertir o els sorprenen i aquelles que mostren situacions amb les quals es senten representats. Destaquen les campanyes que trenquen amb l\u2019habitual i que tenen iniciatives interessants i trencadores i tamb\u00e9 aquelles que utilitzen persones famoses del seu inter\u00e8s. Tamb\u00e9 comenten que la majoria de les campanyes les descobreixen a trav\u00e9s de les xarxes socials.   <\/p>\n<p>L\u2019estudi d\u2019aquest repte, del 15 al 19 d\u2019abril, estava dividit en tres tallers en els quals els diferents equips treballaven el seu projecte a trav\u00e9s de diferents passos.<\/p>\n<p>En el primer taller, conjuntament amb un professional de nutrici\u00f3, es van investigar els conceptes relacionats amb les composicions d\u2019aliments, amb com tenir una dieta equilibrada i les tend\u00e8ncies actuals de consum.<\/p>\n<p>En el segon taller, conjuntament amb un professional de creativitat, es va dur a terme mitjan\u00e7ant exemples de campanyes i explicacions per part de l\u2019expert perqu\u00e8 els alumnes poguessin aplicar t\u00e8cniques de generaci\u00f3 d\u2019idees creatives i innovadores per aix\u00ed aplicar-les en el seu projecte amb efectivitat.<\/p>\n<p>I, en el tercer taller, amb un professional de comunicaci\u00f3, es van generar idees interessants per a aplicar en cada projecte, dissenyant un prototip de campanya de comunicaci\u00f3 per cadascun dels grups a partir dels resultats en fases pr\u00e8vies. En aquest taller era important definir un p\u00fablic objectiu i fomentar les habilitats i t\u00e8cniques comunicatives. <\/p>\n<h2>Menjar \u00e9s una necessitat, per\u00f2 menjar de forma intel\u00b7ligent \u00e9s un art.<\/h2>\n<p>En aquest concurs, els tres projectes finalistes van ser els equips dels tres col\u00b7legis Thau de Barcelona, Cor de Maria de la Bisbal d\u2019Empord\u00e0 i el Col\u00b7legi Montserrat de Barcelona.<\/p>\n<p>El projecte \u201cChood\u201d del col\u00b7legi Thau de Barcelona, que va aconseguir la tercera posici\u00f3, va proposar una p\u00e0gina web dirigida als joves buscant persuadir-los per a reinventar la seva alimentaci\u00f3. Van saber trobar un problema real en una alimentaci\u00f3 poc saludable entre els joves mitjan\u00e7ant les enquestes realitzades i van focalitzar el seu projecte en solucionar-ho. El problema trobat est\u00e0 relacionat amb qu\u00e8 els joves actuals \u201cmengen per la vista\u201d. Els seus punts forts van ser l\u2019originalitat i la factibilitat.   <\/p>\n<p>La segona posici\u00f3 va ser el projecte \u201cconscienciaci\u00f3\u201d del col\u00b7legi Cor de Maria de la Bisbal d\u2019Empord\u00e0. La seva idea perseguia conscienciar als joves de la import\u00e0ncia de les prote\u00efnes mitjan\u00e7ant receptes amb aliments proteics, sorteigs i xerrades informatives. Els punts forts d\u2019aquest equip van ser l\u2019impacte, la utilitat i la factibilitat.  <\/p>\n<p>El projecte \u201cHealth Net\u201d, de l\u2019equip \u201cCole Montse 3\u201d, del Col\u00b7legi Montserrat va guanyar el concurs plantejant una App que t\u00e9 com a objectiu facilitar informaci\u00f3 nutricional a les persones sobre la seva alimentaci\u00f3, ja que creuen que en molts casos els consumidors no disposen c\u00f2modament d\u2019aquests valors nutritius i per aix\u00f2 no els tenen en compte. L\u2019App que proposen reconeix el plat de menjar mitjan\u00e7ant un esc\u00e0ner i t\u2019aporta tots els valors nutritius que ofereix. Sens dubte \u00e9s un projecte amb una projecci\u00f3 molt esperan\u00e7adora. El futur \u00e9s dels somiadors.   <\/p>\n<p>&nbsp;<\/p>\n<p>&nbsp;<\/p>\n<p>&nbsp;<\/p>\n","protected":false},"excerpt":{"rendered":"<p>Les prote\u00efnes c\u00e0rnies s\u00f3n essencials per a una dieta saludable, equilibrada i nutritiva segons l&#8217;estudi realitzat per la Fundaci\u00f3 per a la Creativaci\u00f3 i Costa Brava Mediterranean Foods Mitjan\u00e7ant diferents reptes i tallers, aquest estudi es va realitzar amb la intenci\u00f3 de con\u00e8ixer la rellev\u00e0ncia que li donen els joves a les prote\u00efnes c\u00e0rnies en termes de nutrici\u00f3 i [&#8230;]<\/p>\n","protected":false},"author":1,"featured_media":15528,"comment_status":"closed","ping_status":"open","sticky":false,"template":"","format":"standard","meta":{"footnotes":""},"categories":[154,152],"tags":[],"class_list":["post-16557","post","type-post","status-publish","format-standard","has-post-thumbnail","hentry","category-grupo-canigueral-ca","category-noticies"],"yoast_head":"<!-- This site is optimized with the Yoast SEO plugin v27.2 - https:\/\/yoast.com\/product\/yoast-seo-wordpress\/ -->\n<title>El 70% dels joves d\u2019entre 12 i 18 anys consumeixen carn d\u2019entre 3 i 7 cops per setmana - Costa Brava Foods<\/title>\n<meta name=\"robots\" content=\"index, follow, max-snippet:-1, max-image-preview:large, max-video-preview:-1\" \/>\n<link rel=\"canonical\" href=\"https:\/\/www.costabravafoods.com\/colaboramos-con-la-fundacio-per-la-creativacio-en-la-semana-para-la-creatividad-e-innovacion\/\" \/>\n<meta property=\"og:locale\" content=\"ca_ES\" \/>\n<meta property=\"og:type\" content=\"article\" \/>\n<meta property=\"og:title\" content=\"El 70% dels joves d\u2019entre 12 i 18 anys consumeixen carn d\u2019entre 3 i 7 cops per setmana - Costa Brava Foods\" \/>\n<meta property=\"og:description\" content=\"Les prote\u00efnes c\u00e0rnies s\u00f3n essencials per a una dieta saludable, equilibrada i nutritiva segons l&#8217;estudi realitzat per la Fundaci\u00f3 per a la Creativaci\u00f3 i Costa Brava Mediterranean Foods Mitjan\u00e7ant diferents reptes i tallers, aquest estudi es va realitzar amb la intenci\u00f3 de con\u00e8ixer la rellev\u00e0ncia que li donen els joves a les prote\u00efnes c\u00e0rnies en termes de nutrici\u00f3 i [...]\" \/>\n<meta property=\"og:url\" content=\"https:\/\/www.costabravafoods.com\/colaboramos-con-la-fundacio-per-la-creativacio-en-la-semana-para-la-creatividad-e-innovacion\/\" \/>\n<meta property=\"og:site_name\" content=\"Costa Brava Foods\" \/>\n<meta property=\"article:published_time\" content=\"2021-05-12T09:50:00+00:00\" \/>\n<meta property=\"og:image\" content=\"https:\/\/www.costabravafoods.com\/wp-content\/uploads\/2021\/05\/globo_noy.jpg\" \/>\n\t<meta property=\"og:image:width\" content=\"360\" \/>\n\t<meta property=\"og:image:height\" content=\"200\" \/>\n\t<meta property=\"og:image:type\" content=\"image\/jpeg\" \/>\n<meta name=\"author\" content=\"publicobjectiu\" \/>\n<meta name=\"twitter:card\" content=\"summary_large_image\" \/>\n<meta name=\"twitter:label1\" content=\"Escrit per\" \/>\n\t<meta name=\"twitter:data1\" content=\"publicobjectiu\" \/>\n\t<meta name=\"twitter:label2\" content=\"Temps estimat de lectura\" \/>\n\t<meta name=\"twitter:data2\" content=\"6 minuts\" \/>\n<script type=\"application\/ld+json\" class=\"yoast-schema-graph\">{\"@context\":\"https:\/\/schema.org\",\"@graph\":[{\"@type\":\"Article\",\"@id\":\"https:\/\/www.costabravafoods.com\/colaboramos-con-la-fundacio-per-la-creativacio-en-la-semana-para-la-creatividad-e-innovacion\/#article\",\"isPartOf\":{\"@id\":\"https:\/\/www.costabravafoods.com\/colaboramos-con-la-fundacio-per-la-creativacio-en-la-semana-para-la-creatividad-e-innovacion\/\"},\"author\":{\"name\":\"publicobjectiu\",\"@id\":\"https:\/\/www.costabravafoods.com\/#\/schema\/person\/deaf1f440588c7898bd62bc47b1612b9\"},\"headline\":\"El 70% dels joves d\u2019entre 12 i 18 anys consumeixen carn d\u2019entre 3 i 7 cops per setmana\",\"datePublished\":\"2021-05-12T09:50:00+00:00\",\"mainEntityOfPage\":{\"@id\":\"https:\/\/www.costabravafoods.com\/colaboramos-con-la-fundacio-per-la-creativacio-en-la-semana-para-la-creatividad-e-innovacion\/\"},\"wordCount\":1239,\"image\":{\"@id\":\"https:\/\/www.costabravafoods.com\/colaboramos-con-la-fundacio-per-la-creativacio-en-la-semana-para-la-creatividad-e-innovacion\/#primaryimage\"},\"thumbnailUrl\":\"https:\/\/www.costabravafoods.com\/wp-content\/uploads\/2021\/05\/globo_noy.jpg\",\"articleSection\":[\"Grupo Ca\u00f1igueral\",\"NOT\u00cdCIES\"],\"inLanguage\":\"ca\"},{\"@type\":\"WebPage\",\"@id\":\"https:\/\/www.costabravafoods.com\/colaboramos-con-la-fundacio-per-la-creativacio-en-la-semana-para-la-creatividad-e-innovacion\/\",\"url\":\"https:\/\/www.costabravafoods.com\/colaboramos-con-la-fundacio-per-la-creativacio-en-la-semana-para-la-creatividad-e-innovacion\/\",\"name\":\"El 70% dels joves d\u2019entre 12 i 18 anys consumeixen carn d\u2019entre 3 i 7 cops per setmana - Costa Brava Foods\",\"isPartOf\":{\"@id\":\"https:\/\/www.costabravafoods.com\/#website\"},\"primaryImageOfPage\":{\"@id\":\"https:\/\/www.costabravafoods.com\/colaboramos-con-la-fundacio-per-la-creativacio-en-la-semana-para-la-creatividad-e-innovacion\/#primaryimage\"},\"image\":{\"@id\":\"https:\/\/www.costabravafoods.com\/colaboramos-con-la-fundacio-per-la-creativacio-en-la-semana-para-la-creatividad-e-innovacion\/#primaryimage\"},\"thumbnailUrl\":\"https:\/\/www.costabravafoods.com\/wp-content\/uploads\/2021\/05\/globo_noy.jpg\",\"datePublished\":\"2021-05-12T09:50:00+00:00\",\"author\":{\"@id\":\"https:\/\/www.costabravafoods.com\/#\/schema\/person\/deaf1f440588c7898bd62bc47b1612b9\"},\"breadcrumb\":{\"@id\":\"https:\/\/www.costabravafoods.com\/colaboramos-con-la-fundacio-per-la-creativacio-en-la-semana-para-la-creatividad-e-innovacion\/#breadcrumb\"},\"inLanguage\":\"ca\",\"potentialAction\":[{\"@type\":\"ReadAction\",\"target\":[\"https:\/\/www.costabravafoods.com\/colaboramos-con-la-fundacio-per-la-creativacio-en-la-semana-para-la-creatividad-e-innovacion\/\"]}]},{\"@type\":\"ImageObject\",\"inLanguage\":\"ca\",\"@id\":\"https:\/\/www.costabravafoods.com\/colaboramos-con-la-fundacio-per-la-creativacio-en-la-semana-para-la-creatividad-e-innovacion\/#primaryimage\",\"url\":\"https:\/\/www.costabravafoods.com\/wp-content\/uploads\/2021\/05\/globo_noy.jpg\",\"contentUrl\":\"https:\/\/www.costabravafoods.com\/wp-content\/uploads\/2021\/05\/globo_noy.jpg\",\"width\":360,\"height\":200},{\"@type\":\"BreadcrumbList\",\"@id\":\"https:\/\/www.costabravafoods.com\/colaboramos-con-la-fundacio-per-la-creativacio-en-la-semana-para-la-creatividad-e-innovacion\/#breadcrumb\",\"itemListElement\":[{\"@type\":\"ListItem\",\"position\":1,\"name\":\"Portada\",\"item\":\"https:\/\/www.costabravafoods.com\/ca\/\"},{\"@type\":\"ListItem\",\"position\":2,\"name\":\"El 70% dels joves d\u2019entre 12 i 18 anys consumeixen carn d\u2019entre 3 i 7 cops per setmana\"}]},{\"@type\":\"WebSite\",\"@id\":\"https:\/\/www.costabravafoods.com\/#website\",\"url\":\"https:\/\/www.costabravafoods.com\/\",\"name\":\"Costa Brava Foods\",\"description\":\"\",\"potentialAction\":[{\"@type\":\"SearchAction\",\"target\":{\"@type\":\"EntryPoint\",\"urlTemplate\":\"https:\/\/www.costabravafoods.com\/?s={search_term_string}\"},\"query-input\":{\"@type\":\"PropertyValueSpecification\",\"valueRequired\":true,\"valueName\":\"search_term_string\"}}],\"inLanguage\":\"ca\"},{\"@type\":\"Person\",\"@id\":\"https:\/\/www.costabravafoods.com\/#\/schema\/person\/deaf1f440588c7898bd62bc47b1612b9\",\"name\":\"publicobjectiu\",\"sameAs\":[\"https:\/\/www.costabravafoods.com\"]}]}<\/script>\n<!-- \/ Yoast SEO plugin. -->","yoast_head_json":{"title":"El 70% dels joves d\u2019entre 12 i 18 anys consumeixen carn d\u2019entre 3 i 7 cops per setmana - Costa Brava Foods","robots":{"index":"index","follow":"follow","max-snippet":"max-snippet:-1","max-image-preview":"max-image-preview:large","max-video-preview":"max-video-preview:-1"},"canonical":"https:\/\/www.costabravafoods.com\/colaboramos-con-la-fundacio-per-la-creativacio-en-la-semana-para-la-creatividad-e-innovacion\/","og_locale":"ca_ES","og_type":"article","og_title":"El 70% dels joves d\u2019entre 12 i 18 anys consumeixen carn d\u2019entre 3 i 7 cops per setmana - Costa Brava Foods","og_description":"Les prote\u00efnes c\u00e0rnies s\u00f3n essencials per a una dieta saludable, equilibrada i nutritiva segons l&#8217;estudi realitzat per la Fundaci\u00f3 per a la Creativaci\u00f3 i Costa Brava Mediterranean Foods Mitjan\u00e7ant diferents reptes i tallers, aquest estudi es va realitzar amb la intenci\u00f3 de con\u00e8ixer la rellev\u00e0ncia que li donen els joves a les prote\u00efnes c\u00e0rnies en termes de nutrici\u00f3 i [...]","og_url":"https:\/\/www.costabravafoods.com\/colaboramos-con-la-fundacio-per-la-creativacio-en-la-semana-para-la-creatividad-e-innovacion\/","og_site_name":"Costa Brava Foods","article_published_time":"2021-05-12T09:50:00+00:00","og_image":[{"width":360,"height":200,"url":"https:\/\/www.costabravafoods.com\/wp-content\/uploads\/2021\/05\/globo_noy.jpg","type":"image\/jpeg"}],"author":"publicobjectiu","twitter_card":"summary_large_image","twitter_misc":{"Escrit per":"publicobjectiu","Temps estimat de lectura":"6 minuts"},"schema":{"@context":"https:\/\/schema.org","@graph":[{"@type":"Article","@id":"https:\/\/www.costabravafoods.com\/colaboramos-con-la-fundacio-per-la-creativacio-en-la-semana-para-la-creatividad-e-innovacion\/#article","isPartOf":{"@id":"https:\/\/www.costabravafoods.com\/colaboramos-con-la-fundacio-per-la-creativacio-en-la-semana-para-la-creatividad-e-innovacion\/"},"author":{"name":"publicobjectiu","@id":"https:\/\/www.costabravafoods.com\/#\/schema\/person\/deaf1f440588c7898bd62bc47b1612b9"},"headline":"El 70% dels joves d\u2019entre 12 i 18 anys consumeixen carn d\u2019entre 3 i 7 cops per setmana","datePublished":"2021-05-12T09:50:00+00:00","mainEntityOfPage":{"@id":"https:\/\/www.costabravafoods.com\/colaboramos-con-la-fundacio-per-la-creativacio-en-la-semana-para-la-creatividad-e-innovacion\/"},"wordCount":1239,"image":{"@id":"https:\/\/www.costabravafoods.com\/colaboramos-con-la-fundacio-per-la-creativacio-en-la-semana-para-la-creatividad-e-innovacion\/#primaryimage"},"thumbnailUrl":"https:\/\/www.costabravafoods.com\/wp-content\/uploads\/2021\/05\/globo_noy.jpg","articleSection":["Grupo Ca\u00f1igueral","NOT\u00cdCIES"],"inLanguage":"ca"},{"@type":"WebPage","@id":"https:\/\/www.costabravafoods.com\/colaboramos-con-la-fundacio-per-la-creativacio-en-la-semana-para-la-creatividad-e-innovacion\/","url":"https:\/\/www.costabravafoods.com\/colaboramos-con-la-fundacio-per-la-creativacio-en-la-semana-para-la-creatividad-e-innovacion\/","name":"El 70% dels joves d\u2019entre 12 i 18 anys consumeixen carn d\u2019entre 3 i 7 cops per setmana - Costa Brava Foods","isPartOf":{"@id":"https:\/\/www.costabravafoods.com\/#website"},"primaryImageOfPage":{"@id":"https:\/\/www.costabravafoods.com\/colaboramos-con-la-fundacio-per-la-creativacio-en-la-semana-para-la-creatividad-e-innovacion\/#primaryimage"},"image":{"@id":"https:\/\/www.costabravafoods.com\/colaboramos-con-la-fundacio-per-la-creativacio-en-la-semana-para-la-creatividad-e-innovacion\/#primaryimage"},"thumbnailUrl":"https:\/\/www.costabravafoods.com\/wp-content\/uploads\/2021\/05\/globo_noy.jpg","datePublished":"2021-05-12T09:50:00+00:00","author":{"@id":"https:\/\/www.costabravafoods.com\/#\/schema\/person\/deaf1f440588c7898bd62bc47b1612b9"},"breadcrumb":{"@id":"https:\/\/www.costabravafoods.com\/colaboramos-con-la-fundacio-per-la-creativacio-en-la-semana-para-la-creatividad-e-innovacion\/#breadcrumb"},"inLanguage":"ca","potentialAction":[{"@type":"ReadAction","target":["https:\/\/www.costabravafoods.com\/colaboramos-con-la-fundacio-per-la-creativacio-en-la-semana-para-la-creatividad-e-innovacion\/"]}]},{"@type":"ImageObject","inLanguage":"ca","@id":"https:\/\/www.costabravafoods.com\/colaboramos-con-la-fundacio-per-la-creativacio-en-la-semana-para-la-creatividad-e-innovacion\/#primaryimage","url":"https:\/\/www.costabravafoods.com\/wp-content\/uploads\/2021\/05\/globo_noy.jpg","contentUrl":"https:\/\/www.costabravafoods.com\/wp-content\/uploads\/2021\/05\/globo_noy.jpg","width":360,"height":200},{"@type":"BreadcrumbList","@id":"https:\/\/www.costabravafoods.com\/colaboramos-con-la-fundacio-per-la-creativacio-en-la-semana-para-la-creatividad-e-innovacion\/#breadcrumb","itemListElement":[{"@type":"ListItem","position":1,"name":"Portada","item":"https:\/\/www.costabravafoods.com\/ca\/"},{"@type":"ListItem","position":2,"name":"El 70% dels joves d\u2019entre 12 i 18 anys consumeixen carn d\u2019entre 3 i 7 cops per setmana"}]},{"@type":"WebSite","@id":"https:\/\/www.costabravafoods.com\/#website","url":"https:\/\/www.costabravafoods.com\/","name":"Costa Brava Foods","description":"","potentialAction":[{"@type":"SearchAction","target":{"@type":"EntryPoint","urlTemplate":"https:\/\/www.costabravafoods.com\/?s={search_term_string}"},"query-input":{"@type":"PropertyValueSpecification","valueRequired":true,"valueName":"search_term_string"}}],"inLanguage":"ca"},{"@type":"Person","@id":"https:\/\/www.costabravafoods.com\/#\/schema\/person\/deaf1f440588c7898bd62bc47b1612b9","name":"publicobjectiu","sameAs":["https:\/\/www.costabravafoods.com"]}]}},"_links":{"self":[{"href":"https:\/\/www.costabravafoods.com\/ca\/wp-json\/wp\/v2\/posts\/16557","targetHints":{"allow":["GET"]}}],"collection":[{"href":"https:\/\/www.costabravafoods.com\/ca\/wp-json\/wp\/v2\/posts"}],"about":[{"href":"https:\/\/www.costabravafoods.com\/ca\/wp-json\/wp\/v2\/types\/post"}],"author":[{"embeddable":true,"href":"https:\/\/www.costabravafoods.com\/ca\/wp-json\/wp\/v2\/users\/1"}],"replies":[{"embeddable":true,"href":"https:\/\/www.costabravafoods.com\/ca\/wp-json\/wp\/v2\/comments?post=16557"}],"version-history":[{"count":0,"href":"https:\/\/www.costabravafoods.com\/ca\/wp-json\/wp\/v2\/posts\/16557\/revisions"}],"wp:featuredmedia":[{"embeddable":true,"href":"https:\/\/www.costabravafoods.com\/ca\/wp-json\/wp\/v2\/media\/15528"}],"wp:attachment":[{"href":"https:\/\/www.costabravafoods.com\/ca\/wp-json\/wp\/v2\/media?parent=16557"}],"wp:term":[{"taxonomy":"category","embeddable":true,"href":"https:\/\/www.costabravafoods.com\/ca\/wp-json\/wp\/v2\/categories?post=16557"},{"taxonomy":"post_tag","embeddable":true,"href":"https:\/\/www.costabravafoods.com\/ca\/wp-json\/wp\/v2\/tags?post=16557"}],"curies":[{"name":"wp","href":"https:\/\/api.w.org\/{rel}","templated":true}]}}