

{"id":17052,"date":"2020-11-26T07:47:39","date_gmt":"2020-11-26T05:47:39","guid":{"rendered":"https:\/\/www.costabravafoods.com\/ens-sumem-a-la-setmana-europea-per-la-reduccio-de-residus\/"},"modified":"2020-11-26T07:47:39","modified_gmt":"2020-11-26T05:47:39","slug":"ens-sumem-a-la-setmana-europea-per-la-reduccio-de-residus","status":"publish","type":"post","link":"https:\/\/www.costabravafoods.com\/ca\/ens-sumem-a-la-setmana-europea-per-la-reduccio-de-residus\/","title":{"rendered":"Ens sumem a la Setmana Europea per la Reducci\u00f3 de Residus"},"content":{"rendered":"<p><strong>A Costa Brava Mediterranean Foods ens sumem, del 21 al 29 de novembre, a la Setmana Europea de la Reducci\u00f3 de Residus amb l\u2019objectiu de promoure accions per a una gesti\u00f3 sostenible dels residus.<\/strong><\/p>\n<p>Som conscients de la import\u00e0ncia que t\u00e9 sumar-nos a aquestes dates assenyalades i treballem amb diverses estrat\u00e8gies per a la reducci\u00f3 i reutilitzaci\u00f3 de residus com els pl\u00e0stics.<\/p>\n<h2>Treballem amb diverses estrat\u00e8gies per a la reducci\u00f3 i reutilitzaci\u00f3 dels pl\u00e0stics.<\/h2>\n<p>Realitzem la segregaci\u00f3 de pl\u00e0stics nets a les nostres plantes per traslladar-los a una recuperadora i reconvertir-los en nous envasos, donant-los una nova vida.<\/p>\n<p>Aquesta acci\u00f3 se suma al redisseny de les nostres safates, amb el qual hem aconseguit un estalvi equivalent a 8 milions de bosses de pl\u00e0stic durant l\u2019\u00faltim any, gr\u00e0cies a la reducci\u00f3 de micres en els envasos.<\/p>\n<p>Les nostres safates estan elaborades amb un 85% de pl\u00e0stic reciclat (RPET) per afavorir l\u2019economia circular.<\/p>\n<p>La contaminaci\u00f3 per pl\u00e0stics \u00e9s un dels principals problemes ambientals i econ\u00f2mics d&#8217;aquesta d\u00e8cada, la demanda europea de pl\u00e0stic ronda els 49 milions de tones a l&#8217;any, de les quals el 40%, es destinen a envasos d&#8217;un sol \u00fas. D&#8217;aquest pl\u00e0stic d&#8217;un sol \u00fas, nom\u00e9s es recicla un 30% i el 70% restant acaba en abocadors, incineradores i abandonat en el medi ambient. <\/p>\n<p>Durant la Setmana Global de Reducci\u00f3 de Pl\u00e0stics, posem el focus a contribuir a la problem\u00e0tica ocasionada per la contaminaci\u00f3 de pl\u00e0stics en els ecosistemes.<\/p>\n<p>&nbsp;<\/p>\n","protected":false},"excerpt":{"rendered":"<p>A Costa Brava Mediterranean Foods ens sumem, del 21 al 29 de novembre, a la Setmana Europea de la Reducci\u00f3 de Residus amb l\u2019objectiu de promoure accions per a una gesti\u00f3 sostenible dels residus. Som conscients de la import\u00e0ncia que t\u00e9 sumar-nos a aquestes dates assenyalades i treballem amb diverses estrat\u00e8gies per a la reducci\u00f3 i reutilitzaci\u00f3 de residus [&#8230;]<\/p>\n","protected":false},"author":1,"featured_media":11230,"comment_status":"closed","ping_status":"open","sticky":false,"template":"","format":"standard","meta":{"footnotes":""},"categories":[152,161],"tags":[],"class_list":["post-17052","post","type-post","status-publish","format-standard","has-post-thumbnail","hentry","category-noticies","category-sostenibilitat"],"yoast_head":"<!-- This site is optimized with the Yoast SEO plugin v27.2 - https:\/\/yoast.com\/product\/yoast-seo-wordpress\/ -->\n<title>Ens sumem a la Setmana Europea per la Reducci\u00f3 de Residus - Costa Brava Foods<\/title>\n<meta name=\"robots\" content=\"index, follow, max-snippet:-1, max-image-preview:large, max-video-preview:-1\" \/>\n<link rel=\"canonical\" href=\"https:\/\/www.costabravafoods.com\/costa-brava-se-suma-a-la-semana-europea-de-reduccion-de-residuos\/\" \/>\n<meta property=\"og:locale\" content=\"ca_ES\" \/>\n<meta property=\"og:type\" content=\"article\" \/>\n<meta property=\"og:title\" content=\"Ens sumem a la Setmana Europea per la Reducci\u00f3 de Residus - Costa Brava Foods\" \/>\n<meta property=\"og:description\" content=\"A Costa Brava Mediterranean Foods ens sumem, del 21 al 29 de novembre, a la Setmana Europea de la Reducci\u00f3 de Residus amb l\u2019objectiu de promoure accions per a una gesti\u00f3 sostenible dels residus. Som conscients de la import\u00e0ncia que t\u00e9 sumar-nos a aquestes dates assenyalades i treballem amb diverses estrat\u00e8gies per a la reducci\u00f3 i reutilitzaci\u00f3 de residus [...]\" \/>\n<meta property=\"og:url\" content=\"https:\/\/www.costabravafoods.com\/costa-brava-se-suma-a-la-semana-europea-de-reduccion-de-residuos\/\" \/>\n<meta property=\"og:site_name\" content=\"Costa Brava Foods\" \/>\n<meta property=\"article:published_time\" content=\"2020-11-26T05:47:39+00:00\" \/>\n<meta property=\"og:image\" content=\"https:\/\/www.costabravafoods.com\/wp-content\/uploads\/2025\/07\/EWWR-DESTACADA_1199x455px-3.png\" \/>\n\t<meta property=\"og:image:width\" content=\"823\" \/>\n\t<meta property=\"og:image:height\" content=\"455\" \/>\n\t<meta property=\"og:image:type\" content=\"image\/png\" \/>\n<meta name=\"author\" content=\"publicobjectiu\" \/>\n<meta name=\"twitter:card\" content=\"summary_large_image\" \/>\n<meta name=\"twitter:label1\" content=\"Escrit per\" \/>\n\t<meta name=\"twitter:data1\" content=\"publicobjectiu\" \/>\n\t<meta name=\"twitter:label2\" content=\"Temps estimat de lectura\" \/>\n\t<meta name=\"twitter:data2\" content=\"1 minut\" \/>\n<script type=\"application\/ld+json\" class=\"yoast-schema-graph\">{\"@context\":\"https:\/\/schema.org\",\"@graph\":[{\"@type\":\"Article\",\"@id\":\"https:\/\/www.costabravafoods.com\/costa-brava-se-suma-a-la-semana-europea-de-reduccion-de-residuos\/#article\",\"isPartOf\":{\"@id\":\"https:\/\/www.costabravafoods.com\/costa-brava-se-suma-a-la-semana-europea-de-reduccion-de-residuos\/\"},\"author\":{\"name\":\"publicobjectiu\",\"@id\":\"https:\/\/www.costabravafoods.com\/#\/schema\/person\/deaf1f440588c7898bd62bc47b1612b9\"},\"headline\":\"Ens sumem a la Setmana Europea per la Reducci\u00f3 de Residus\",\"datePublished\":\"2020-11-26T05:47:39+00:00\",\"mainEntityOfPage\":{\"@id\":\"https:\/\/www.costabravafoods.com\/costa-brava-se-suma-a-la-semana-europea-de-reduccion-de-residuos\/\"},\"wordCount\":269,\"image\":{\"@id\":\"https:\/\/www.costabravafoods.com\/costa-brava-se-suma-a-la-semana-europea-de-reduccion-de-residuos\/#primaryimage\"},\"thumbnailUrl\":\"https:\/\/www.costabravafoods.com\/wp-content\/uploads\/2025\/07\/EWWR-DESTACADA_1199x455px-3.png\",\"articleSection\":[\"NOT\u00cdCIES\",\"Sostenibilitat\"],\"inLanguage\":\"ca\"},{\"@type\":\"WebPage\",\"@id\":\"https:\/\/www.costabravafoods.com\/costa-brava-se-suma-a-la-semana-europea-de-reduccion-de-residuos\/\",\"url\":\"https:\/\/www.costabravafoods.com\/costa-brava-se-suma-a-la-semana-europea-de-reduccion-de-residuos\/\",\"name\":\"Ens sumem a la Setmana Europea per la Reducci\u00f3 de Residus - Costa Brava Foods\",\"isPartOf\":{\"@id\":\"https:\/\/www.costabravafoods.com\/#website\"},\"primaryImageOfPage\":{\"@id\":\"https:\/\/www.costabravafoods.com\/costa-brava-se-suma-a-la-semana-europea-de-reduccion-de-residuos\/#primaryimage\"},\"image\":{\"@id\":\"https:\/\/www.costabravafoods.com\/costa-brava-se-suma-a-la-semana-europea-de-reduccion-de-residuos\/#primaryimage\"},\"thumbnailUrl\":\"https:\/\/www.costabravafoods.com\/wp-content\/uploads\/2025\/07\/EWWR-DESTACADA_1199x455px-3.png\",\"datePublished\":\"2020-11-26T05:47:39+00:00\",\"author\":{\"@id\":\"https:\/\/www.costabravafoods.com\/#\/schema\/person\/deaf1f440588c7898bd62bc47b1612b9\"},\"breadcrumb\":{\"@id\":\"https:\/\/www.costabravafoods.com\/costa-brava-se-suma-a-la-semana-europea-de-reduccion-de-residuos\/#breadcrumb\"},\"inLanguage\":\"ca\",\"potentialAction\":[{\"@type\":\"ReadAction\",\"target\":[\"https:\/\/www.costabravafoods.com\/costa-brava-se-suma-a-la-semana-europea-de-reduccion-de-residuos\/\"]}]},{\"@type\":\"ImageObject\",\"inLanguage\":\"ca\",\"@id\":\"https:\/\/www.costabravafoods.com\/costa-brava-se-suma-a-la-semana-europea-de-reduccion-de-residuos\/#primaryimage\",\"url\":\"https:\/\/www.costabravafoods.com\/wp-content\/uploads\/2025\/07\/EWWR-DESTACADA_1199x455px-3.png\",\"contentUrl\":\"https:\/\/www.costabravafoods.com\/wp-content\/uploads\/2025\/07\/EWWR-DESTACADA_1199x455px-3.png\",\"width\":823,\"height\":455},{\"@type\":\"BreadcrumbList\",\"@id\":\"https:\/\/www.costabravafoods.com\/costa-brava-se-suma-a-la-semana-europea-de-reduccion-de-residuos\/#breadcrumb\",\"itemListElement\":[{\"@type\":\"ListItem\",\"position\":1,\"name\":\"Portada\",\"item\":\"https:\/\/www.costabravafoods.com\/ca\/\"},{\"@type\":\"ListItem\",\"position\":2,\"name\":\"Ens sumem a la Setmana Europea per la Reducci\u00f3 de Residus\"}]},{\"@type\":\"WebSite\",\"@id\":\"https:\/\/www.costabravafoods.com\/#website\",\"url\":\"https:\/\/www.costabravafoods.com\/\",\"name\":\"Costa Brava Foods\",\"description\":\"\",\"potentialAction\":[{\"@type\":\"SearchAction\",\"target\":{\"@type\":\"EntryPoint\",\"urlTemplate\":\"https:\/\/www.costabravafoods.com\/?s={search_term_string}\"},\"query-input\":{\"@type\":\"PropertyValueSpecification\",\"valueRequired\":true,\"valueName\":\"search_term_string\"}}],\"inLanguage\":\"ca\"},{\"@type\":\"Person\",\"@id\":\"https:\/\/www.costabravafoods.com\/#\/schema\/person\/deaf1f440588c7898bd62bc47b1612b9\",\"name\":\"publicobjectiu\",\"sameAs\":[\"https:\/\/www.costabravafoods.com\"]}]}<\/script>\n<!-- \/ Yoast SEO plugin. -->","yoast_head_json":{"title":"Ens sumem a la Setmana Europea per la Reducci\u00f3 de Residus - Costa Brava Foods","robots":{"index":"index","follow":"follow","max-snippet":"max-snippet:-1","max-image-preview":"max-image-preview:large","max-video-preview":"max-video-preview:-1"},"canonical":"https:\/\/www.costabravafoods.com\/costa-brava-se-suma-a-la-semana-europea-de-reduccion-de-residuos\/","og_locale":"ca_ES","og_type":"article","og_title":"Ens sumem a la Setmana Europea per la Reducci\u00f3 de Residus - Costa Brava Foods","og_description":"A Costa Brava Mediterranean Foods ens sumem, del 21 al 29 de novembre, a la Setmana Europea de la Reducci\u00f3 de Residus amb l\u2019objectiu de promoure accions per a una gesti\u00f3 sostenible dels residus. Som conscients de la import\u00e0ncia que t\u00e9 sumar-nos a aquestes dates assenyalades i treballem amb diverses estrat\u00e8gies per a la reducci\u00f3 i reutilitzaci\u00f3 de residus [...]","og_url":"https:\/\/www.costabravafoods.com\/costa-brava-se-suma-a-la-semana-europea-de-reduccion-de-residuos\/","og_site_name":"Costa Brava Foods","article_published_time":"2020-11-26T05:47:39+00:00","og_image":[{"width":823,"height":455,"url":"https:\/\/www.costabravafoods.com\/wp-content\/uploads\/2025\/07\/EWWR-DESTACADA_1199x455px-3.png","type":"image\/png"}],"author":"publicobjectiu","twitter_card":"summary_large_image","twitter_misc":{"Escrit per":"publicobjectiu","Temps estimat de lectura":"1 minut"},"schema":{"@context":"https:\/\/schema.org","@graph":[{"@type":"Article","@id":"https:\/\/www.costabravafoods.com\/costa-brava-se-suma-a-la-semana-europea-de-reduccion-de-residuos\/#article","isPartOf":{"@id":"https:\/\/www.costabravafoods.com\/costa-brava-se-suma-a-la-semana-europea-de-reduccion-de-residuos\/"},"author":{"name":"publicobjectiu","@id":"https:\/\/www.costabravafoods.com\/#\/schema\/person\/deaf1f440588c7898bd62bc47b1612b9"},"headline":"Ens sumem a la Setmana Europea per la Reducci\u00f3 de Residus","datePublished":"2020-11-26T05:47:39+00:00","mainEntityOfPage":{"@id":"https:\/\/www.costabravafoods.com\/costa-brava-se-suma-a-la-semana-europea-de-reduccion-de-residuos\/"},"wordCount":269,"image":{"@id":"https:\/\/www.costabravafoods.com\/costa-brava-se-suma-a-la-semana-europea-de-reduccion-de-residuos\/#primaryimage"},"thumbnailUrl":"https:\/\/www.costabravafoods.com\/wp-content\/uploads\/2025\/07\/EWWR-DESTACADA_1199x455px-3.png","articleSection":["NOT\u00cdCIES","Sostenibilitat"],"inLanguage":"ca"},{"@type":"WebPage","@id":"https:\/\/www.costabravafoods.com\/costa-brava-se-suma-a-la-semana-europea-de-reduccion-de-residuos\/","url":"https:\/\/www.costabravafoods.com\/costa-brava-se-suma-a-la-semana-europea-de-reduccion-de-residuos\/","name":"Ens sumem a la Setmana Europea per la Reducci\u00f3 de Residus - Costa Brava Foods","isPartOf":{"@id":"https:\/\/www.costabravafoods.com\/#website"},"primaryImageOfPage":{"@id":"https:\/\/www.costabravafoods.com\/costa-brava-se-suma-a-la-semana-europea-de-reduccion-de-residuos\/#primaryimage"},"image":{"@id":"https:\/\/www.costabravafoods.com\/costa-brava-se-suma-a-la-semana-europea-de-reduccion-de-residuos\/#primaryimage"},"thumbnailUrl":"https:\/\/www.costabravafoods.com\/wp-content\/uploads\/2025\/07\/EWWR-DESTACADA_1199x455px-3.png","datePublished":"2020-11-26T05:47:39+00:00","author":{"@id":"https:\/\/www.costabravafoods.com\/#\/schema\/person\/deaf1f440588c7898bd62bc47b1612b9"},"breadcrumb":{"@id":"https:\/\/www.costabravafoods.com\/costa-brava-se-suma-a-la-semana-europea-de-reduccion-de-residuos\/#breadcrumb"},"inLanguage":"ca","potentialAction":[{"@type":"ReadAction","target":["https:\/\/www.costabravafoods.com\/costa-brava-se-suma-a-la-semana-europea-de-reduccion-de-residuos\/"]}]},{"@type":"ImageObject","inLanguage":"ca","@id":"https:\/\/www.costabravafoods.com\/costa-brava-se-suma-a-la-semana-europea-de-reduccion-de-residuos\/#primaryimage","url":"https:\/\/www.costabravafoods.com\/wp-content\/uploads\/2025\/07\/EWWR-DESTACADA_1199x455px-3.png","contentUrl":"https:\/\/www.costabravafoods.com\/wp-content\/uploads\/2025\/07\/EWWR-DESTACADA_1199x455px-3.png","width":823,"height":455},{"@type":"BreadcrumbList","@id":"https:\/\/www.costabravafoods.com\/costa-brava-se-suma-a-la-semana-europea-de-reduccion-de-residuos\/#breadcrumb","itemListElement":[{"@type":"ListItem","position":1,"name":"Portada","item":"https:\/\/www.costabravafoods.com\/ca\/"},{"@type":"ListItem","position":2,"name":"Ens sumem a la Setmana Europea per la Reducci\u00f3 de Residus"}]},{"@type":"WebSite","@id":"https:\/\/www.costabravafoods.com\/#website","url":"https:\/\/www.costabravafoods.com\/","name":"Costa Brava Foods","description":"","potentialAction":[{"@type":"SearchAction","target":{"@type":"EntryPoint","urlTemplate":"https:\/\/www.costabravafoods.com\/?s={search_term_string}"},"query-input":{"@type":"PropertyValueSpecification","valueRequired":true,"valueName":"search_term_string"}}],"inLanguage":"ca"},{"@type":"Person","@id":"https:\/\/www.costabravafoods.com\/#\/schema\/person\/deaf1f440588c7898bd62bc47b1612b9","name":"publicobjectiu","sameAs":["https:\/\/www.costabravafoods.com"]}]}},"_links":{"self":[{"href":"https:\/\/www.costabravafoods.com\/ca\/wp-json\/wp\/v2\/posts\/17052","targetHints":{"allow":["GET"]}}],"collection":[{"href":"https:\/\/www.costabravafoods.com\/ca\/wp-json\/wp\/v2\/posts"}],"about":[{"href":"https:\/\/www.costabravafoods.com\/ca\/wp-json\/wp\/v2\/types\/post"}],"author":[{"embeddable":true,"href":"https:\/\/www.costabravafoods.com\/ca\/wp-json\/wp\/v2\/users\/1"}],"replies":[{"embeddable":true,"href":"https:\/\/www.costabravafoods.com\/ca\/wp-json\/wp\/v2\/comments?post=17052"}],"version-history":[{"count":0,"href":"https:\/\/www.costabravafoods.com\/ca\/wp-json\/wp\/v2\/posts\/17052\/revisions"}],"wp:featuredmedia":[{"embeddable":true,"href":"https:\/\/www.costabravafoods.com\/ca\/wp-json\/wp\/v2\/media\/11230"}],"wp:attachment":[{"href":"https:\/\/www.costabravafoods.com\/ca\/wp-json\/wp\/v2\/media?parent=17052"}],"wp:term":[{"taxonomy":"category","embeddable":true,"href":"https:\/\/www.costabravafoods.com\/ca\/wp-json\/wp\/v2\/categories?post=17052"},{"taxonomy":"post_tag","embeddable":true,"href":"https:\/\/www.costabravafoods.com\/ca\/wp-json\/wp\/v2\/tags?post=17052"}],"curies":[{"name":"wp","href":"https:\/\/api.w.org\/{rel}","templated":true}]}}