

{"id":26617,"date":"2025-07-09T09:54:49","date_gmt":"2025-07-09T07:54:49","guid":{"rendered":"https:\/\/www.costabravafoods.com\/politica-sobre-aquicultura-sostenible\/"},"modified":"2025-09-30T21:04:37","modified_gmt":"2025-09-30T19:04:37","slug":"politica-sobre-aquicultura-sostenible","status":"publish","type":"post","link":"https:\/\/www.costabravafoods.com\/ca\/politica-sobre-aquicultura-sostenible\/","title":{"rendered":"Pol\u00edtica sobre Aq\u00fcicultura Sostenible"},"content":{"rendered":"<div class=\"fusion-fullwidth fullwidth-box fusion-builder-row-1 fusion-flex-container nonhundred-percent-fullwidth non-hundred-percent-height-scrolling\" style=\"--awb-border-radius-top-left:0px;--awb-border-radius-top-right:0px;--awb-border-radius-bottom-right:0px;--awb-border-radius-bottom-left:0px;--awb-flex-wrap:wrap;\" ><div class=\"fusion-builder-row fusion-row fusion-flex-align-items-flex-start fusion-flex-content-wrap\" style=\"max-width:1248px;margin-left: calc(-4% \/ 2 );margin-right: calc(-4% \/ 2 );\"><div class=\"fusion-layout-column fusion_builder_column fusion-builder-column-0 fusion_builder_column_1_1 1_1 fusion-flex-column\" style=\"--awb-bg-size:cover;--awb-width-large:100%;--awb-margin-top-large:0px;--awb-spacing-right-large:1.92%;--awb-margin-bottom-large:0px;--awb-spacing-left-large:1.92%;--awb-width-medium:100%;--awb-spacing-right-medium:1.92%;--awb-spacing-left-medium:1.92%;--awb-width-small:100%;--awb-spacing-right-small:1.92%;--awb-spacing-left-small:1.92%;\"><div class=\"fusion-column-wrapper fusion-flex-justify-content-flex-start fusion-content-layout-column\"><div class=\"fusion-text fusion-text-1\" style=\"--awb-content-alignment:left;\"><p>El Grup t\u00e9 com a objectiu la seguretat aliment\u00e0ria i la qualitat dels seus productes i en relaci\u00f3 a aquesta responsabilitat es compromet a treballar en la seva cadena amb prove\u00efdors que compleixin els seus est\u00e0ndards i requisits reglamentaris.<\/p>\n<\/div><div style=\"text-align:left;\"><a class=\"fusion-button button-flat button-large button-custom fusion-button-default button-1 fusion-button-default-span fusion-button-default-type\" style=\"--button_accent_color:var(--awb-color1);--button_accent_hover_color:var(--awb-color1);--button_border_hover_color:var(--awb-color1);--button-border-radius-top-left:30px;--button-border-radius-top-right:30px;--button-border-radius-bottom-right:30px;--button-border-radius-bottom-left:30px;--button_gradient_top_color:#051d30;--button_gradient_bottom_color:#051d30;--button_gradient_top_color_hover:#9e7c0b;--button_gradient_bottom_color_hover:#9e7c0b;--button_typography-font-family:&quot;Noto Sans Light&quot;;--button_typography-font-style:normal;--button_typography-font-weight:400;--button_margin-top:10px;--button_margin-bottom:10px;\" target=\"_blank\" rel=\"noopener noreferrer\" href=\"https:\/\/www.costabravafoods.com\/wp-content\/uploads\/2025\/09\/POLITICA-ACUICULTURA-SOSTENIBLE.pdf\"><span class=\"fusion-button-text awb-button__text awb-button__text--default\"> Descarregar PDF<\/span><\/a><\/div><\/div><\/div><\/div><\/div>\n","protected":false},"excerpt":{"rendered":"","protected":false},"author":1,"featured_media":16421,"comment_status":"closed","ping_status":"closed","sticky":false,"template":"","format":"standard","meta":{"footnotes":""},"categories":[707],"tags":[],"class_list":["post-26617","post","type-post","status-publish","format-standard","has-post-thumbnail","hentry","category-politicas-cat"],"yoast_head":"<!-- This site is optimized with the Yoast SEO plugin v27.2 - https:\/\/yoast.com\/product\/yoast-seo-wordpress\/ -->\n<title>Pol\u00edtica sobre Aq\u00fcicultura Sostenible - Costa Brava Foods<\/title>\n<meta name=\"robots\" content=\"index, follow, max-snippet:-1, max-image-preview:large, max-video-preview:-1\" \/>\n<link rel=\"canonical\" href=\"https:\/\/www.costabravafoods.com\/ca\/politica-sobre-aquicultura-sostenible\/\" \/>\n<meta property=\"og:locale\" content=\"ca_ES\" \/>\n<meta property=\"og:type\" content=\"article\" \/>\n<meta property=\"og:title\" content=\"Pol\u00edtica sobre Aq\u00fcicultura Sostenible - Costa Brava Foods\" \/>\n<meta property=\"og:url\" content=\"https:\/\/www.costabravafoods.com\/ca\/politica-sobre-aquicultura-sostenible\/\" \/>\n<meta property=\"og:site_name\" content=\"Costa Brava Foods\" \/>\n<meta property=\"article:published_time\" content=\"2025-07-09T07:54:49+00:00\" \/>\n<meta property=\"article:modified_time\" content=\"2025-09-30T19:04:37+00:00\" \/>\n<meta property=\"og:image\" content=\"https:\/\/www.costabravafoods.com\/wp-content\/uploads\/2025\/07\/POLITICA_ACUICULTURA_SOSTENIBLE_.jpg\" \/>\n\t<meta property=\"og:image:width\" content=\"650\" \/>\n\t<meta property=\"og:image:height\" content=\"400\" \/>\n\t<meta property=\"og:image:type\" content=\"image\/jpeg\" \/>\n<meta name=\"author\" content=\"publicobjectiu\" \/>\n<meta name=\"twitter:card\" content=\"summary_large_image\" \/>\n<meta name=\"twitter:label1\" content=\"Escrit per\" \/>\n\t<meta name=\"twitter:data1\" content=\"publicobjectiu\" \/>\n\t<meta name=\"twitter:label2\" content=\"Temps estimat de lectura\" \/>\n\t<meta name=\"twitter:data2\" content=\"1 minut\" \/>\n<script type=\"application\/ld+json\" class=\"yoast-schema-graph\">{\"@context\":\"https:\/\/schema.org\",\"@graph\":[{\"@type\":\"Article\",\"@id\":\"https:\/\/www.costabravafoods.com\/ca\/politica-sobre-aquicultura-sostenible\/#article\",\"isPartOf\":{\"@id\":\"https:\/\/www.costabravafoods.com\/ca\/politica-sobre-aquicultura-sostenible\/\"},\"author\":{\"name\":\"publicobjectiu\",\"@id\":\"https:\/\/www.costabravafoods.com\/#\/schema\/person\/deaf1f440588c7898bd62bc47b1612b9\"},\"headline\":\"Pol\u00edtica sobre Aq\u00fcicultura Sostenible\",\"datePublished\":\"2025-07-09T07:54:49+00:00\",\"dateModified\":\"2025-09-30T19:04:37+00:00\",\"mainEntityOfPage\":{\"@id\":\"https:\/\/www.costabravafoods.com\/ca\/politica-sobre-aquicultura-sostenible\/\"},\"wordCount\":529,\"image\":{\"@id\":\"https:\/\/www.costabravafoods.com\/ca\/politica-sobre-aquicultura-sostenible\/#primaryimage\"},\"thumbnailUrl\":\"https:\/\/www.costabravafoods.com\/wp-content\/uploads\/2025\/07\/POLITICA_ACUICULTURA_SOSTENIBLE_.jpg\",\"articleSection\":[\"politicas-cat\"],\"inLanguage\":\"ca\"},{\"@type\":\"WebPage\",\"@id\":\"https:\/\/www.costabravafoods.com\/ca\/politica-sobre-aquicultura-sostenible\/\",\"url\":\"https:\/\/www.costabravafoods.com\/ca\/politica-sobre-aquicultura-sostenible\/\",\"name\":\"Pol\u00edtica sobre Aq\u00fcicultura Sostenible - Costa Brava Foods\",\"isPartOf\":{\"@id\":\"https:\/\/www.costabravafoods.com\/#website\"},\"primaryImageOfPage\":{\"@id\":\"https:\/\/www.costabravafoods.com\/ca\/politica-sobre-aquicultura-sostenible\/#primaryimage\"},\"image\":{\"@id\":\"https:\/\/www.costabravafoods.com\/ca\/politica-sobre-aquicultura-sostenible\/#primaryimage\"},\"thumbnailUrl\":\"https:\/\/www.costabravafoods.com\/wp-content\/uploads\/2025\/07\/POLITICA_ACUICULTURA_SOSTENIBLE_.jpg\",\"datePublished\":\"2025-07-09T07:54:49+00:00\",\"dateModified\":\"2025-09-30T19:04:37+00:00\",\"author\":{\"@id\":\"https:\/\/www.costabravafoods.com\/#\/schema\/person\/deaf1f440588c7898bd62bc47b1612b9\"},\"breadcrumb\":{\"@id\":\"https:\/\/www.costabravafoods.com\/ca\/politica-sobre-aquicultura-sostenible\/#breadcrumb\"},\"inLanguage\":\"ca\",\"potentialAction\":[{\"@type\":\"ReadAction\",\"target\":[\"https:\/\/www.costabravafoods.com\/ca\/politica-sobre-aquicultura-sostenible\/\"]}]},{\"@type\":\"ImageObject\",\"inLanguage\":\"ca\",\"@id\":\"https:\/\/www.costabravafoods.com\/ca\/politica-sobre-aquicultura-sostenible\/#primaryimage\",\"url\":\"https:\/\/www.costabravafoods.com\/wp-content\/uploads\/2025\/07\/POLITICA_ACUICULTURA_SOSTENIBLE_.jpg\",\"contentUrl\":\"https:\/\/www.costabravafoods.com\/wp-content\/uploads\/2025\/07\/POLITICA_ACUICULTURA_SOSTENIBLE_.jpg\",\"width\":650,\"height\":400},{\"@type\":\"BreadcrumbList\",\"@id\":\"https:\/\/www.costabravafoods.com\/ca\/politica-sobre-aquicultura-sostenible\/#breadcrumb\",\"itemListElement\":[{\"@type\":\"ListItem\",\"position\":1,\"name\":\"Portada\",\"item\":\"https:\/\/www.costabravafoods.com\/ca\/\"},{\"@type\":\"ListItem\",\"position\":2,\"name\":\"Pol\u00edtica sobre Aq\u00fcicultura Sostenible\"}]},{\"@type\":\"WebSite\",\"@id\":\"https:\/\/www.costabravafoods.com\/#website\",\"url\":\"https:\/\/www.costabravafoods.com\/\",\"name\":\"Costa Brava Foods\",\"description\":\"\",\"potentialAction\":[{\"@type\":\"SearchAction\",\"target\":{\"@type\":\"EntryPoint\",\"urlTemplate\":\"https:\/\/www.costabravafoods.com\/?s={search_term_string}\"},\"query-input\":{\"@type\":\"PropertyValueSpecification\",\"valueRequired\":true,\"valueName\":\"search_term_string\"}}],\"inLanguage\":\"ca\"},{\"@type\":\"Person\",\"@id\":\"https:\/\/www.costabravafoods.com\/#\/schema\/person\/deaf1f440588c7898bd62bc47b1612b9\",\"name\":\"publicobjectiu\",\"sameAs\":[\"https:\/\/www.costabravafoods.com\"]}]}<\/script>\n<!-- \/ Yoast SEO plugin. -->","yoast_head_json":{"title":"Pol\u00edtica sobre Aq\u00fcicultura Sostenible - Costa Brava Foods","robots":{"index":"index","follow":"follow","max-snippet":"max-snippet:-1","max-image-preview":"max-image-preview:large","max-video-preview":"max-video-preview:-1"},"canonical":"https:\/\/www.costabravafoods.com\/ca\/politica-sobre-aquicultura-sostenible\/","og_locale":"ca_ES","og_type":"article","og_title":"Pol\u00edtica sobre Aq\u00fcicultura Sostenible - Costa Brava Foods","og_url":"https:\/\/www.costabravafoods.com\/ca\/politica-sobre-aquicultura-sostenible\/","og_site_name":"Costa Brava Foods","article_published_time":"2025-07-09T07:54:49+00:00","article_modified_time":"2025-09-30T19:04:37+00:00","og_image":[{"width":650,"height":400,"url":"https:\/\/www.costabravafoods.com\/wp-content\/uploads\/2025\/07\/POLITICA_ACUICULTURA_SOSTENIBLE_.jpg","type":"image\/jpeg"}],"author":"publicobjectiu","twitter_card":"summary_large_image","twitter_misc":{"Escrit per":"publicobjectiu","Temps estimat de lectura":"1 minut"},"schema":{"@context":"https:\/\/schema.org","@graph":[{"@type":"Article","@id":"https:\/\/www.costabravafoods.com\/ca\/politica-sobre-aquicultura-sostenible\/#article","isPartOf":{"@id":"https:\/\/www.costabravafoods.com\/ca\/politica-sobre-aquicultura-sostenible\/"},"author":{"name":"publicobjectiu","@id":"https:\/\/www.costabravafoods.com\/#\/schema\/person\/deaf1f440588c7898bd62bc47b1612b9"},"headline":"Pol\u00edtica sobre Aq\u00fcicultura Sostenible","datePublished":"2025-07-09T07:54:49+00:00","dateModified":"2025-09-30T19:04:37+00:00","mainEntityOfPage":{"@id":"https:\/\/www.costabravafoods.com\/ca\/politica-sobre-aquicultura-sostenible\/"},"wordCount":529,"image":{"@id":"https:\/\/www.costabravafoods.com\/ca\/politica-sobre-aquicultura-sostenible\/#primaryimage"},"thumbnailUrl":"https:\/\/www.costabravafoods.com\/wp-content\/uploads\/2025\/07\/POLITICA_ACUICULTURA_SOSTENIBLE_.jpg","articleSection":["politicas-cat"],"inLanguage":"ca"},{"@type":"WebPage","@id":"https:\/\/www.costabravafoods.com\/ca\/politica-sobre-aquicultura-sostenible\/","url":"https:\/\/www.costabravafoods.com\/ca\/politica-sobre-aquicultura-sostenible\/","name":"Pol\u00edtica sobre Aq\u00fcicultura Sostenible - Costa Brava Foods","isPartOf":{"@id":"https:\/\/www.costabravafoods.com\/#website"},"primaryImageOfPage":{"@id":"https:\/\/www.costabravafoods.com\/ca\/politica-sobre-aquicultura-sostenible\/#primaryimage"},"image":{"@id":"https:\/\/www.costabravafoods.com\/ca\/politica-sobre-aquicultura-sostenible\/#primaryimage"},"thumbnailUrl":"https:\/\/www.costabravafoods.com\/wp-content\/uploads\/2025\/07\/POLITICA_ACUICULTURA_SOSTENIBLE_.jpg","datePublished":"2025-07-09T07:54:49+00:00","dateModified":"2025-09-30T19:04:37+00:00","author":{"@id":"https:\/\/www.costabravafoods.com\/#\/schema\/person\/deaf1f440588c7898bd62bc47b1612b9"},"breadcrumb":{"@id":"https:\/\/www.costabravafoods.com\/ca\/politica-sobre-aquicultura-sostenible\/#breadcrumb"},"inLanguage":"ca","potentialAction":[{"@type":"ReadAction","target":["https:\/\/www.costabravafoods.com\/ca\/politica-sobre-aquicultura-sostenible\/"]}]},{"@type":"ImageObject","inLanguage":"ca","@id":"https:\/\/www.costabravafoods.com\/ca\/politica-sobre-aquicultura-sostenible\/#primaryimage","url":"https:\/\/www.costabravafoods.com\/wp-content\/uploads\/2025\/07\/POLITICA_ACUICULTURA_SOSTENIBLE_.jpg","contentUrl":"https:\/\/www.costabravafoods.com\/wp-content\/uploads\/2025\/07\/POLITICA_ACUICULTURA_SOSTENIBLE_.jpg","width":650,"height":400},{"@type":"BreadcrumbList","@id":"https:\/\/www.costabravafoods.com\/ca\/politica-sobre-aquicultura-sostenible\/#breadcrumb","itemListElement":[{"@type":"ListItem","position":1,"name":"Portada","item":"https:\/\/www.costabravafoods.com\/ca\/"},{"@type":"ListItem","position":2,"name":"Pol\u00edtica sobre Aq\u00fcicultura Sostenible"}]},{"@type":"WebSite","@id":"https:\/\/www.costabravafoods.com\/#website","url":"https:\/\/www.costabravafoods.com\/","name":"Costa Brava Foods","description":"","potentialAction":[{"@type":"SearchAction","target":{"@type":"EntryPoint","urlTemplate":"https:\/\/www.costabravafoods.com\/?s={search_term_string}"},"query-input":{"@type":"PropertyValueSpecification","valueRequired":true,"valueName":"search_term_string"}}],"inLanguage":"ca"},{"@type":"Person","@id":"https:\/\/www.costabravafoods.com\/#\/schema\/person\/deaf1f440588c7898bd62bc47b1612b9","name":"publicobjectiu","sameAs":["https:\/\/www.costabravafoods.com"]}]}},"_links":{"self":[{"href":"https:\/\/www.costabravafoods.com\/ca\/wp-json\/wp\/v2\/posts\/26617","targetHints":{"allow":["GET"]}}],"collection":[{"href":"https:\/\/www.costabravafoods.com\/ca\/wp-json\/wp\/v2\/posts"}],"about":[{"href":"https:\/\/www.costabravafoods.com\/ca\/wp-json\/wp\/v2\/types\/post"}],"author":[{"embeddable":true,"href":"https:\/\/www.costabravafoods.com\/ca\/wp-json\/wp\/v2\/users\/1"}],"replies":[{"embeddable":true,"href":"https:\/\/www.costabravafoods.com\/ca\/wp-json\/wp\/v2\/comments?post=26617"}],"version-history":[{"count":4,"href":"https:\/\/www.costabravafoods.com\/ca\/wp-json\/wp\/v2\/posts\/26617\/revisions"}],"predecessor-version":[{"id":33116,"href":"https:\/\/www.costabravafoods.com\/ca\/wp-json\/wp\/v2\/posts\/26617\/revisions\/33116"}],"wp:featuredmedia":[{"embeddable":true,"href":"https:\/\/www.costabravafoods.com\/ca\/wp-json\/wp\/v2\/media\/16421"}],"wp:attachment":[{"href":"https:\/\/www.costabravafoods.com\/ca\/wp-json\/wp\/v2\/media?parent=26617"}],"wp:term":[{"taxonomy":"category","embeddable":true,"href":"https:\/\/www.costabravafoods.com\/ca\/wp-json\/wp\/v2\/categories?post=26617"},{"taxonomy":"post_tag","embeddable":true,"href":"https:\/\/www.costabravafoods.com\/ca\/wp-json\/wp\/v2\/tags?post=26617"}],"curies":[{"name":"wp","href":"https:\/\/api.w.org\/{rel}","templated":true}]}}