

{"id":39788,"date":"2026-09-04T13:53:55","date_gmt":"2026-09-04T11:53:55","guid":{"rendered":"https:\/\/www.costabravafoods.com\/?p=39788"},"modified":"2026-09-04T13:56:28","modified_gmt":"2026-09-04T11:56:28","slug":"seguim-impulsant-la-inclusio-a-traves-de-lesport-amb-grup-mifas","status":"publish","type":"post","link":"https:\/\/www.costabravafoods.com\/ca\/seguim-impulsant-la-inclusio-a-traves-de-lesport-amb-grup-mifas\/","title":{"rendered":"Seguim impulsant la inclusi\u00f3 a trav\u00e9s de l&#8217;esport amb Grup Mifas"},"content":{"rendered":"<p class=\"isSelectedEnd\">Per tercer any consecutiu, hem renovat el nostre comprom\u00eds amb la inclusi\u00f3, la diversitat i la igualtat d\u2019oportunitats per a les persones amb discapacitat o en risc d\u2019exclusi\u00f3 social de la m\u00e0 del Grup MIFAS, l\u2019entitat sense \u00e0nim de lucre que treballa per promoure la igualtat, la independ\u00e8ncia econ\u00f2mica i la just\u00edcia social de les persones amb discapacitat i en risc d\u2019exclusi\u00f3 social.<\/p>\n<p class=\"isSelectedEnd\">En el marc del nostre pla de Responsabilitat Social Corporativa, a trav\u00e9s del qual donem suport a m\u00e9s de 40 iniciatives, apostem per l\u2019esport com a vehicle per fomentar la inclusi\u00f3 i el desenvolupament de les persones. En aquest sentit, ens hem convertit en col\u00b7laborador principal de la l\u00ednia esportiva del Grup MIFAS, centrada a afavorir la integraci\u00f3 social d\u2019infants i adults a trav\u00e9s de la pr\u00e0ctica esportiva.<\/p>\n<p class=\"isSelectedEnd\">Gr\u00e0cies a aquesta col\u00b7laboraci\u00f3, donarem suport a l\u2019equip de b\u00e0squet en cadira de rodes de Besal\u00fa i a dos equips de boccia, un esport paral\u00edmpic adre\u00e7at a persones amb discapacitat severa en qu\u00e8 els jugadors han d\u2019apropar les seves boles de cuir a una bola central, intentant allunyar les dels seus oponents. Els equips de boccia que reben el nostre suport tenen la seu a Olot, Vilafant i Girona.<\/p>\n<p class=\"isSelectedEnd\">Amb aquesta col\u00b7laboraci\u00f3, continuem refor\u00e7ant el nostre comprom\u00eds amb la voluntat de construir plegats una societat m\u00e9s inclusiva.<\/p>\n<p><a href=\"https:\/\/www.costabravafoods.com\/ca\/iniciatives-socials\/\">Descobreix m\u00e9s sobre la nostra estrat\u00e8gia de valor al territori aqu\u00ed<\/a><\/p>\n","protected":false},"excerpt":{"rendered":"<p>Per tercer any consecutiu, hem renovat el nostre comprom\u00eds amb la inclusi\u00f3, la diversitat i la igualtat d\u2019oportunitats per a les persones amb discapacitat o en risc d\u2019exclusi\u00f3 social de la m\u00e0 del Grup MIFAS, l\u2019entitat sense \u00e0nim de lucre que treballa per promoure la igualtat, la independ\u00e8ncia econ\u00f2mica i la just\u00edcia social de les persones amb discapacitat i [&#8230;]<\/p>\n","protected":false},"author":5,"featured_media":39781,"comment_status":"closed","ping_status":"closed","sticky":false,"template":"","format":"standard","meta":{"footnotes":""},"categories":[152,161],"tags":[],"class_list":["post-39788","post","type-post","status-publish","format-standard","has-post-thumbnail","hentry","category-noticies","category-sostenibilitat"],"yoast_head":"<!-- This site is optimized with the Yoast SEO plugin v28.2 - https:\/\/yoast.com\/product\/yoast-seo-wordpress\/ -->\n<title>Seguim impulsant la inclusi\u00f3 a trav\u00e9s de l&#039;esport amb Grup Mifas - Costa Brava Foods<\/title>\n<meta name=\"robots\" content=\"index, follow, max-snippet:-1, max-image-preview:large, max-video-preview:-1\" \/>\n<link rel=\"canonical\" href=\"https:\/\/www.costabravafoods.com\/ca\/seguim-impulsant-la-inclusio-a-traves-de-lesport-amb-grup-mifas\/\" \/>\n<meta property=\"og:locale\" content=\"ca_ES\" \/>\n<meta property=\"og:type\" content=\"article\" \/>\n<meta property=\"og:title\" content=\"Seguim impulsant la inclusi\u00f3 a trav\u00e9s de l&#039;esport amb Grup Mifas - Costa Brava Foods\" \/>\n<meta property=\"og:description\" content=\"Per tercer any consecutiu, hem renovat el nostre comprom\u00eds amb la inclusi\u00f3, la diversitat i la igualtat d\u2019oportunitats per a les persones amb discapacitat o en risc d\u2019exclusi\u00f3 social de la m\u00e0 del Grup MIFAS, l\u2019entitat sense \u00e0nim de lucre que treballa per promoure la igualtat, la independ\u00e8ncia econ\u00f2mica i la just\u00edcia social de les persones amb discapacitat i [...]\" \/>\n<meta property=\"og:url\" content=\"https:\/\/www.costabravafoods.com\/ca\/seguim-impulsant-la-inclusio-a-traves-de-lesport-amb-grup-mifas\/\" \/>\n<meta property=\"og:site_name\" content=\"Costa Brava Foods\" \/>\n<meta property=\"article:published_time\" content=\"2026-09-04T11:53:55+00:00\" \/>\n<meta property=\"article:modified_time\" content=\"2026-09-04T11:56:28+00:00\" \/>\n<meta property=\"og:image\" content=\"https:\/\/www.costabravafoods.com\/wp-content\/uploads\/2026\/09\/FOTO-DEST-CBMF-19.png\" \/>\n\t<meta property=\"og:image:width\" content=\"540\" \/>\n\t<meta property=\"og:image:height\" content=\"300\" \/>\n\t<meta property=\"og:image:type\" content=\"image\/png\" \/>\n<meta name=\"author\" content=\"Maria Vigil\" \/>\n<meta name=\"twitter:card\" content=\"summary_large_image\" \/>\n<meta name=\"twitter:label1\" content=\"Escrit per\" \/>\n\t<meta name=\"twitter:data1\" content=\"Maria Vigil\" \/>\n\t<meta name=\"twitter:label2\" content=\"Temps estimat de lectura\" \/>\n\t<meta name=\"twitter:data2\" content=\"2 minuts\" \/>\n<script type=\"application\/ld+json\" class=\"yoast-schema-graph\">{\"@context\":\"https:\\\/\\\/schema.org\",\"@graph\":[{\"@type\":\"Article\",\"@id\":\"https:\\\/\\\/www.costabravafoods.com\\\/ca\\\/seguim-impulsant-la-inclusio-a-traves-de-lesport-amb-grup-mifas\\\/#article\",\"isPartOf\":{\"@id\":\"https:\\\/\\\/www.costabravafoods.com\\\/ca\\\/seguim-impulsant-la-inclusio-a-traves-de-lesport-amb-grup-mifas\\\/\"},\"author\":{\"name\":\"Maria Vigil\",\"@id\":\"https:\\\/\\\/www.costabravafoods.com\\\/#\\\/schema\\\/person\\\/851b4214a90284803a0f4cdb2b590b4d\"},\"headline\":\"Seguim impulsant la inclusi\u00f3 a trav\u00e9s de l&#8217;esport amb Grup Mifas\",\"datePublished\":\"2026-09-04T11:53:55+00:00\",\"dateModified\":\"2026-09-04T11:56:28+00:00\",\"mainEntityOfPage\":{\"@id\":\"https:\\\/\\\/www.costabravafoods.com\\\/ca\\\/seguim-impulsant-la-inclusio-a-traves-de-lesport-amb-grup-mifas\\\/\"},\"wordCount\":270,\"image\":{\"@id\":\"https:\\\/\\\/www.costabravafoods.com\\\/ca\\\/seguim-impulsant-la-inclusio-a-traves-de-lesport-amb-grup-mifas\\\/#primaryimage\"},\"thumbnailUrl\":\"https:\\\/\\\/www.costabravafoods.com\\\/wp-content\\\/uploads\\\/2026\\\/09\\\/FOTO-DEST-CBMF-19.png\",\"articleSection\":[\"NOT\u00cdCIES\",\"Sostenibilitat\"],\"inLanguage\":\"ca\"},{\"@type\":\"WebPage\",\"@id\":\"https:\\\/\\\/www.costabravafoods.com\\\/ca\\\/seguim-impulsant-la-inclusio-a-traves-de-lesport-amb-grup-mifas\\\/\",\"url\":\"https:\\\/\\\/www.costabravafoods.com\\\/ca\\\/seguim-impulsant-la-inclusio-a-traves-de-lesport-amb-grup-mifas\\\/\",\"name\":\"Seguim impulsant la inclusi\u00f3 a trav\u00e9s de l'esport amb Grup Mifas - Costa Brava Foods\",\"isPartOf\":{\"@id\":\"https:\\\/\\\/www.costabravafoods.com\\\/#website\"},\"primaryImageOfPage\":{\"@id\":\"https:\\\/\\\/www.costabravafoods.com\\\/ca\\\/seguim-impulsant-la-inclusio-a-traves-de-lesport-amb-grup-mifas\\\/#primaryimage\"},\"image\":{\"@id\":\"https:\\\/\\\/www.costabravafoods.com\\\/ca\\\/seguim-impulsant-la-inclusio-a-traves-de-lesport-amb-grup-mifas\\\/#primaryimage\"},\"thumbnailUrl\":\"https:\\\/\\\/www.costabravafoods.com\\\/wp-content\\\/uploads\\\/2026\\\/09\\\/FOTO-DEST-CBMF-19.png\",\"datePublished\":\"2026-09-04T11:53:55+00:00\",\"dateModified\":\"2026-09-04T11:56:28+00:00\",\"author\":{\"@id\":\"https:\\\/\\\/www.costabravafoods.com\\\/#\\\/schema\\\/person\\\/851b4214a90284803a0f4cdb2b590b4d\"},\"breadcrumb\":{\"@id\":\"https:\\\/\\\/www.costabravafoods.com\\\/ca\\\/seguim-impulsant-la-inclusio-a-traves-de-lesport-amb-grup-mifas\\\/#breadcrumb\"},\"inLanguage\":\"ca\",\"potentialAction\":[{\"@type\":\"ReadAction\",\"target\":[\"https:\\\/\\\/www.costabravafoods.com\\\/ca\\\/seguim-impulsant-la-inclusio-a-traves-de-lesport-amb-grup-mifas\\\/\"]}]},{\"@type\":\"ImageObject\",\"inLanguage\":\"ca\",\"@id\":\"https:\\\/\\\/www.costabravafoods.com\\\/ca\\\/seguim-impulsant-la-inclusio-a-traves-de-lesport-amb-grup-mifas\\\/#primaryimage\",\"url\":\"https:\\\/\\\/www.costabravafoods.com\\\/wp-content\\\/uploads\\\/2026\\\/09\\\/FOTO-DEST-CBMF-19.png\",\"contentUrl\":\"https:\\\/\\\/www.costabravafoods.com\\\/wp-content\\\/uploads\\\/2026\\\/09\\\/FOTO-DEST-CBMF-19.png\",\"width\":540,\"height\":300},{\"@type\":\"BreadcrumbList\",\"@id\":\"https:\\\/\\\/www.costabravafoods.com\\\/ca\\\/seguim-impulsant-la-inclusio-a-traves-de-lesport-amb-grup-mifas\\\/#breadcrumb\",\"itemListElement\":[{\"@type\":\"ListItem\",\"position\":1,\"name\":\"Portada\",\"item\":\"https:\\\/\\\/www.costabravafoods.com\\\/ca\\\/\"},{\"@type\":\"ListItem\",\"position\":2,\"name\":\"Seguim impulsant la inclusi\u00f3 a trav\u00e9s de l&#8217;esport amb Grup Mifas\"}]},{\"@type\":\"WebSite\",\"@id\":\"https:\\\/\\\/www.costabravafoods.com\\\/#website\",\"url\":\"https:\\\/\\\/www.costabravafoods.com\\\/\",\"name\":\"Costa Brava Foods\",\"description\":\"\",\"potentialAction\":[{\"@type\":\"SearchAction\",\"target\":{\"@type\":\"EntryPoint\",\"urlTemplate\":\"https:\\\/\\\/www.costabravafoods.com\\\/?s={search_term_string}\"},\"query-input\":{\"@type\":\"PropertyValueSpecification\",\"valueRequired\":true,\"valueName\":\"search_term_string\"}}],\"inLanguage\":\"ca\"},{\"@type\":\"Person\",\"@id\":\"https:\\\/\\\/www.costabravafoods.com\\\/#\\\/schema\\\/person\\\/851b4214a90284803a0f4cdb2b590b4d\",\"name\":\"Maria Vigil\"}]}<\/script>\n<!-- \/ Yoast SEO plugin. -->","yoast_head_json":{"title":"Seguim impulsant la inclusi\u00f3 a trav\u00e9s de l'esport amb Grup Mifas - Costa Brava Foods","robots":{"index":"index","follow":"follow","max-snippet":"max-snippet:-1","max-image-preview":"max-image-preview:large","max-video-preview":"max-video-preview:-1"},"canonical":"https:\/\/www.costabravafoods.com\/ca\/seguim-impulsant-la-inclusio-a-traves-de-lesport-amb-grup-mifas\/","og_locale":"ca_ES","og_type":"article","og_title":"Seguim impulsant la inclusi\u00f3 a trav\u00e9s de l'esport amb Grup Mifas - Costa Brava Foods","og_description":"Per tercer any consecutiu, hem renovat el nostre comprom\u00eds amb la inclusi\u00f3, la diversitat i la igualtat d\u2019oportunitats per a les persones amb discapacitat o en risc d\u2019exclusi\u00f3 social de la m\u00e0 del Grup MIFAS, l\u2019entitat sense \u00e0nim de lucre que treballa per promoure la igualtat, la independ\u00e8ncia econ\u00f2mica i la just\u00edcia social de les persones amb discapacitat i [...]","og_url":"https:\/\/www.costabravafoods.com\/ca\/seguim-impulsant-la-inclusio-a-traves-de-lesport-amb-grup-mifas\/","og_site_name":"Costa Brava Foods","article_published_time":"2026-09-04T11:53:55+00:00","article_modified_time":"2026-09-04T11:56:28+00:00","og_image":[{"width":540,"height":300,"url":"https:\/\/www.costabravafoods.com\/wp-content\/uploads\/2026\/09\/FOTO-DEST-CBMF-19.png","type":"image\/png"}],"author":"Maria Vigil","twitter_card":"summary_large_image","twitter_misc":{"Escrit per":"Maria Vigil","Temps estimat de lectura":"2 minuts"},"schema":{"@context":"https:\/\/schema.org","@graph":[{"@type":"Article","@id":"https:\/\/www.costabravafoods.com\/ca\/seguim-impulsant-la-inclusio-a-traves-de-lesport-amb-grup-mifas\/#article","isPartOf":{"@id":"https:\/\/www.costabravafoods.com\/ca\/seguim-impulsant-la-inclusio-a-traves-de-lesport-amb-grup-mifas\/"},"author":{"name":"Maria Vigil","@id":"https:\/\/www.costabravafoods.com\/#\/schema\/person\/851b4214a90284803a0f4cdb2b590b4d"},"headline":"Seguim impulsant la inclusi\u00f3 a trav\u00e9s de l&#8217;esport amb Grup Mifas","datePublished":"2026-09-04T11:53:55+00:00","dateModified":"2026-09-04T11:56:28+00:00","mainEntityOfPage":{"@id":"https:\/\/www.costabravafoods.com\/ca\/seguim-impulsant-la-inclusio-a-traves-de-lesport-amb-grup-mifas\/"},"wordCount":270,"image":{"@id":"https:\/\/www.costabravafoods.com\/ca\/seguim-impulsant-la-inclusio-a-traves-de-lesport-amb-grup-mifas\/#primaryimage"},"thumbnailUrl":"https:\/\/www.costabravafoods.com\/wp-content\/uploads\/2026\/09\/FOTO-DEST-CBMF-19.png","articleSection":["NOT\u00cdCIES","Sostenibilitat"],"inLanguage":"ca"},{"@type":"WebPage","@id":"https:\/\/www.costabravafoods.com\/ca\/seguim-impulsant-la-inclusio-a-traves-de-lesport-amb-grup-mifas\/","url":"https:\/\/www.costabravafoods.com\/ca\/seguim-impulsant-la-inclusio-a-traves-de-lesport-amb-grup-mifas\/","name":"Seguim impulsant la inclusi\u00f3 a trav\u00e9s de l'esport amb Grup Mifas - Costa Brava Foods","isPartOf":{"@id":"https:\/\/www.costabravafoods.com\/#website"},"primaryImageOfPage":{"@id":"https:\/\/www.costabravafoods.com\/ca\/seguim-impulsant-la-inclusio-a-traves-de-lesport-amb-grup-mifas\/#primaryimage"},"image":{"@id":"https:\/\/www.costabravafoods.com\/ca\/seguim-impulsant-la-inclusio-a-traves-de-lesport-amb-grup-mifas\/#primaryimage"},"thumbnailUrl":"https:\/\/www.costabravafoods.com\/wp-content\/uploads\/2026\/09\/FOTO-DEST-CBMF-19.png","datePublished":"2026-09-04T11:53:55+00:00","dateModified":"2026-09-04T11:56:28+00:00","author":{"@id":"https:\/\/www.costabravafoods.com\/#\/schema\/person\/851b4214a90284803a0f4cdb2b590b4d"},"breadcrumb":{"@id":"https:\/\/www.costabravafoods.com\/ca\/seguim-impulsant-la-inclusio-a-traves-de-lesport-amb-grup-mifas\/#breadcrumb"},"inLanguage":"ca","potentialAction":[{"@type":"ReadAction","target":["https:\/\/www.costabravafoods.com\/ca\/seguim-impulsant-la-inclusio-a-traves-de-lesport-amb-grup-mifas\/"]}]},{"@type":"ImageObject","inLanguage":"ca","@id":"https:\/\/www.costabravafoods.com\/ca\/seguim-impulsant-la-inclusio-a-traves-de-lesport-amb-grup-mifas\/#primaryimage","url":"https:\/\/www.costabravafoods.com\/wp-content\/uploads\/2026\/09\/FOTO-DEST-CBMF-19.png","contentUrl":"https:\/\/www.costabravafoods.com\/wp-content\/uploads\/2026\/09\/FOTO-DEST-CBMF-19.png","width":540,"height":300},{"@type":"BreadcrumbList","@id":"https:\/\/www.costabravafoods.com\/ca\/seguim-impulsant-la-inclusio-a-traves-de-lesport-amb-grup-mifas\/#breadcrumb","itemListElement":[{"@type":"ListItem","position":1,"name":"Portada","item":"https:\/\/www.costabravafoods.com\/ca\/"},{"@type":"ListItem","position":2,"name":"Seguim impulsant la inclusi\u00f3 a trav\u00e9s de l&#8217;esport amb Grup Mifas"}]},{"@type":"WebSite","@id":"https:\/\/www.costabravafoods.com\/#website","url":"https:\/\/www.costabravafoods.com\/","name":"Costa Brava Foods","description":"","potentialAction":[{"@type":"SearchAction","target":{"@type":"EntryPoint","urlTemplate":"https:\/\/www.costabravafoods.com\/?s={search_term_string}"},"query-input":{"@type":"PropertyValueSpecification","valueRequired":true,"valueName":"search_term_string"}}],"inLanguage":"ca"},{"@type":"Person","@id":"https:\/\/www.costabravafoods.com\/#\/schema\/person\/851b4214a90284803a0f4cdb2b590b4d","name":"Maria Vigil"}]}},"_links":{"self":[{"href":"https:\/\/www.costabravafoods.com\/ca\/wp-json\/wp\/v2\/posts\/39788","targetHints":{"allow":["GET"]}}],"collection":[{"href":"https:\/\/www.costabravafoods.com\/ca\/wp-json\/wp\/v2\/posts"}],"about":[{"href":"https:\/\/www.costabravafoods.com\/ca\/wp-json\/wp\/v2\/types\/post"}],"author":[{"embeddable":true,"href":"https:\/\/www.costabravafoods.com\/ca\/wp-json\/wp\/v2\/users\/5"}],"replies":[{"embeddable":true,"href":"https:\/\/www.costabravafoods.com\/ca\/wp-json\/wp\/v2\/comments?post=39788"}],"version-history":[{"count":2,"href":"https:\/\/www.costabravafoods.com\/ca\/wp-json\/wp\/v2\/posts\/39788\/revisions"}],"predecessor-version":[{"id":39790,"href":"https:\/\/www.costabravafoods.com\/ca\/wp-json\/wp\/v2\/posts\/39788\/revisions\/39790"}],"wp:featuredmedia":[{"embeddable":true,"href":"https:\/\/www.costabravafoods.com\/ca\/wp-json\/wp\/v2\/media\/39781"}],"wp:attachment":[{"href":"https:\/\/www.costabravafoods.com\/ca\/wp-json\/wp\/v2\/media?parent=39788"}],"wp:term":[{"taxonomy":"category","embeddable":true,"href":"https:\/\/www.costabravafoods.com\/ca\/wp-json\/wp\/v2\/categories?post=39788"},{"taxonomy":"post_tag","embeddable":true,"href":"https:\/\/www.costabravafoods.com\/ca\/wp-json\/wp\/v2\/tags?post=39788"}],"curies":[{"name":"wp","href":"https:\/\/api.w.org\/{rel}","templated":true}]}}